
{"id":1676,"date":"2016-03-02T00:00:00","date_gmt":"2016-03-02T00:00:00","guid":{"rendered":"https:\/\/www.laminifabrique.fr\/domuneo\/la-transition-energetique-est-deja-en-marche-sur-paris\/"},"modified":"2024-02-15T14:58:13","modified_gmt":"2024-02-15T13:58:13","slug":"la-transition-energetique-est-deja-en-marche-sur-paris","status":"publish","type":"post","link":"https:\/\/www.laminifabrique.fr\/domuneo\/blog\/la-transition-energetique-est-deja-en-marche-sur-paris\/","title":{"rendered":"La transition \u00e9nerg\u00e9tique est d\u00e9j\u00e0 en marche sur Paris"},"content":{"rendered":"\n<p class=\"wp-block-paragraph\">Paris montre l\u2019exemple et souhaite faire partie des acteurs cl\u00e9s de la lutte contre le r\u00e9chauffement de la plan\u00e8te. Paris dans l\u2019axe de la COP21 et de la transition \u00e9nerg\u00e9tique oblige dor\u00e9navant ses fournisseurs \u00e0 fournir une \u00e9lectricit\u00e9 verte. Avec la fin des tarifs r\u00e9glement\u00e9s de vente d\u2019\u00e9lectricit\u00e9 le 1er janvier 2016, la Ville de Paris \u00e0 renouveler l\u2019ensemble de ses contrats et exiger de ses fournisseurs une \u00e9lectricit\u00e9 totalement verte. Avec un budget \u00e9nerg\u00e9tique de 32 millions d\u2019euros pour sa consommation annuelle, Paris consomme 282 gigawattheures \u00e0 l\u2019ann\u00e9e.<\/p>\n\n\n\n<figure class=\"wp-block-image alignnone\"><a href=\"https:\/\/www.laminifabrique.fr\/domuneo\/wp-content\/uploads\/2016\/03\/ville-paris-energie-renouvelable.jpg\"><img decoding=\"async\" src=\"https:\/\/www.laminifabrique.fr\/domuneo\/wp-content\/uploads\/2016\/03\/ville-paris-energie-renouvelable-300x206.jpg\" alt=\"Paris signe pour 100 % en enregie verte\" class=\"wp-image-1267\"\/><\/a><figcaption class=\"wp-element-caption\">Paris :&nbsp;100 % d&rsquo;\u00e9nergie verte<\/figcaption><\/figure>\n\n\n\n<p class=\"wp-block-paragraph\">Les fournisseurs d\u2019\u00e9lectricit\u00e9 devront garantir l\u2019origine 100% renouvelable \u00e0 travers des certificats homologu\u00e9s. Mais pas facile pour chaque fournisseurs de prouver que l\u2019\u00e9lectricit\u00e9 pour la ville de Paris provient de l\u2019\u00e9lectricit\u00e9 verte. En effet, il est difficile de distinguer un \u00e9lectron \u00ab vert \u00bb d\u2019un autre \u00e9lectron ! Alors pour justifier aupr\u00e8s de son client que l\u2019origine de l\u2019\u00e9lectricit\u00e9 qu\u2019il consomme est bien verte, le fournisseur doit alors d\u00e9montrer qu\u2019il produit \u00e0 l\u2019aide d\u2019\u00e9nergies renouvelables une quantit\u00e9 d\u2019\u00e9lectricit\u00e9 sup\u00e9rieure \u00e0 la consommation de son client.<\/p>\n\n\n\n<p class=\"wp-block-paragraph\">Le passage \u00e0 l\u2019\u00e9lectricit\u00e9 verte doit permettre \u00e0 la Ville, selon les fournisseurs, de r\u00e9duire de 20 000 tonnes ses \u00e9missions de CO2, qui atteignaient, en 2012, pour son patrimoine, 269 000 tonnes.<\/p>\n\n\n\n<p class=\"wp-block-paragraph\">Si Paris ne va pas encore jusqu\u2019\u00e0 se fixer un objectif de 100 % d\u2019\u00e9nergies renouvelables, elle entend n\u00e9anmoins r\u00e9introduire la production d\u2019\u00e9nergie sur son territoire. Et le chemin est long puisque c\u2019est 90 % de l\u2019\u00e9nergie parisienne qui est import\u00e9 de territoires autour de la capitale. La Ville va ainsi multiplier les solutions photovolta\u00efques, solaire, solaire thermique sur ses b\u00e2timents pour alimenter en eau chaude et \u00e9lectricit\u00e9 leurs occupants. Elle souhaite aussi recourir \u00e0 la g\u00e9othermie et \u00e0 l\u2019hydrothermie pour capter l\u2019\u00e9nergie du sous-sol ou de cours d\u2019eau pour alimenter les r\u00e9seaux de chaleur et de froid d\u2019immeubles. La Ville d\u00e9veloppe aussi des syst\u00e8mes de r\u00e9cup\u00e9ration de la chaleur produite par les data centers ou encore par le flux des eaux du r\u00e9seau d\u2019\u00e9gouts.<\/p>\n\n\n\n<p class=\"wp-block-paragraph\">Le maire de Paris souhaite une strat\u00e9gie radicale d\u2019acc\u00e9l\u00e9ration de la transition \u00e9cologique et \u00e9nerg\u00e9tique de Paris et une exemplarit\u00e9 des b\u00e2timents publics.<\/p>\n","protected":false},"excerpt":{"rendered":"<p>Paris montre l\u2019exemple et souhaite faire partie des acteurs cl\u00e9s de la lutte contre le r\u00e9chauffement de la plan\u00e8te. Paris dans l\u2019axe de la COP21 et de la transition \u00e9nerg\u00e9tique oblige dor\u00e9navant ses fournisseurs \u00e0 fournir une \u00e9lectricit\u00e9 verte. Avec la fin des tarifs r\u00e9glement\u00e9s de vente d\u2019\u00e9lectricit\u00e9 le 1er janvier 2016, la Ville de [&hellip;]<\/p>\n","protected":false},"author":1,"featured_media":0,"comment_status":"closed","ping_status":"closed","sticky":false,"template":"","format":"standard","meta":{"_acf_changed":false,"footnotes":""},"categories":[23],"tags":[],"class_list":["post-1676","post","type-post","status-publish","format-standard","hentry","category-blog"],"acf":[],"_links":{"self":[{"href":"https:\/\/www.laminifabrique.fr\/domuneo\/wp-json\/wp\/v2\/posts\/1676","targetHints":{"allow":["GET"]}}],"collection":[{"href":"https:\/\/www.laminifabrique.fr\/domuneo\/wp-json\/wp\/v2\/posts"}],"about":[{"href":"https:\/\/www.laminifabrique.fr\/domuneo\/wp-json\/wp\/v2\/types\/post"}],"author":[{"embeddable":true,"href":"https:\/\/www.laminifabrique.fr\/domuneo\/wp-json\/wp\/v2\/users\/1"}],"replies":[{"embeddable":true,"href":"https:\/\/www.laminifabrique.fr\/domuneo\/wp-json\/wp\/v2\/comments?post=1676"}],"version-history":[{"count":2,"href":"https:\/\/www.laminifabrique.fr\/domuneo\/wp-json\/wp\/v2\/posts\/1676\/revisions"}],"predecessor-version":[{"id":3918,"href":"https:\/\/www.laminifabrique.fr\/domuneo\/wp-json\/wp\/v2\/posts\/1676\/revisions\/3918"}],"wp:attachment":[{"href":"https:\/\/www.laminifabrique.fr\/domuneo\/wp-json\/wp\/v2\/media?parent=1676"}],"wp:term":[{"taxonomy":"category","embeddable":true,"href":"https:\/\/www.laminifabrique.fr\/domuneo\/wp-json\/wp\/v2\/categories?post=1676"},{"taxonomy":"post_tag","embeddable":true,"href":"https:\/\/www.laminifabrique.fr\/domuneo\/wp-json\/wp\/v2\/tags?post=1676"}],"curies":[{"name":"wp","href":"https:\/\/api.w.org\/{rel}","templated":true}]}}