
{"id":1706,"date":"2020-04-15T00:00:00","date_gmt":"2020-04-15T00:00:00","guid":{"rendered":"https:\/\/www.laminifabrique.fr\/domuneo\/leolienne-terrestre-une-energie-verte-et-intarissable\/"},"modified":"2024-02-15T15:04:17","modified_gmt":"2024-02-15T14:04:17","slug":"leolienne-terrestre-une-energie-verte-et-intarissable","status":"publish","type":"post","link":"https:\/\/www.laminifabrique.fr\/domuneo\/blog\/leolienne-terrestre-une-energie-verte-et-intarissable\/","title":{"rendered":"L\u2019\u00e9olienne terrestre, une \u00e9nergie verte et intarissable"},"content":{"rendered":"\n<p class=\"wp-block-paragraph\">Source d\u2019\u00e9nergie propre, s\u00fbre et intarissable,\nl\u2019\u00e9olienne terrestre est un secteur qui se d\u00e9veloppe en France depuis plus de deux\nd\u00e9cennies. Elle permet de r\u00e9pondre aux objectifs fix\u00e9s par la loi relative \u00e0 la\ntransition \u00e9nerg\u00e9tique pour la croissance verte. L\u2019\u00e9nergie g\u00e9n\u00e9r\u00e9e par\nl\u2019\u00e9olienne terrestre peut \u00eatre utilis\u00e9e pour assouvir les besoins de\nconsommation des m\u00e9nages fran\u00e7ais en mati\u00e8re d\u2019\u00e9lectricit\u00e9.<\/p>\n\n\n\n<h3 class=\"wp-block-heading\">L\u2019\u00e9olienne terrestre, une source d\u2019\u00e9nergie r\u00e9pandue en France <\/h3>\n\n\n\n<p class=\"wp-block-paragraph\">Le secteur de l\u2019\u00e9olienne comprend les \u00e9oliennes am\u00e9nag\u00e9es sur terre, appel\u00e9es \u00e9oliennes terrestres, et celles install\u00e9es en mer. Les deux types de dispositifs permettent de convertir l\u2019\u00e9nergie cin\u00e9tique du vent en <strong>\u00e9nergie<\/strong> m\u00e9canique, pour ensuite obtenir de l\u2019\u00e9lectricit\u00e9. Ces derni\u00e8res ann\u00e9es, l\u2019\u00e9olienne terrestre a connu une certaine expansion sur le territoire fran\u00e7ais, avec 10,3 GW produits \u00e0 fin 2015. Ce score place la <span style=\"text-decoration: underline;\">France<\/span> \u00e0 la quatri\u00e8me position des pays europ\u00e9ens o\u00f9 cette source d\u2019\u00e9nergie renouvelable est la plus r\u00e9pandue, derri\u00e8re l\u2019Allemagne (44,9 GW), l\u2019Espagne (23 GW) et le Royaume-Uni (13,9 GW).<\/p>\n\n\n\n<h3 class=\"wp-block-heading\">Production\nd\u2019une \u00e9lectricit\u00e9 verte pour la consommation des foyers <\/h3>\n\n\n\n<p class=\"wp-block-paragraph\">En France, la puissance de l\u2019<strong>\u00e9olienne terrestre <\/strong>peut aller de 1,8 \u00e0 3 MW, avec des rotors pouvant mesurer entre 80 et 110 m de diam\u00e8tre. D\u2019apr\u00e8s les statistiques du gouvernement, une \u00e9olienne terrestre de 2 MW peut produire 4200 MWh d\u2019\u00e9nergie par an, ce qui repr\u00e9sente la consommation d\u2019\u00e9lectricit\u00e9 d\u2019environ 800 m\u00e9nages fran\u00e7ais. <\/p>\n\n\n<div class=\"wp-block-image\">\n<figure class=\"aligncenter size-large\"><img decoding=\"async\" src=\"https:\/\/www.laminifabrique.fr\/domuneo\/wp-content\/uploads\/2020\/04\/eolienne_opt.png\" alt=\"Eolienne terrestre, energie convertie en electricite pour la consommation en France\n\" class=\"wp-image-1551\"\/><figcaption class=\"wp-element-caption\"><br> L\u2019\u00e9olienne terrestre, une source d\u2019\u00e9nergie renouvelable pour la consommation locale  <\/figcaption><\/figure>\n<\/div>\n\n\n<h3 class=\"wp-block-heading\">Retour sur les\nderniers chiffres du secteur \u00e9olien dans l\u2019Hexagone<\/h3>\n\n\n\n<p class=\"wp-block-paragraph\">D\u2019apr\u00e8s les derniers chiffres du SDES (Service de la donn\u00e9e et des \u00e9tudes statistiques), le <em>parc de l\u2019\u00e9olienne<\/em> terrestre a connu une croissance de 17 % en taille ces dix derni\u00e8res ann\u00e9es, avec une capacit\u00e9 de production ayant augment\u00e9 de 200 %. Au 30 septembre 2019, ce sont 16 019 m\u00e9gawatts qui ont \u00e9t\u00e9 am\u00e9nag\u00e9s sur le territoire fran\u00e7ais. Selon le RTE (R\u00e9seau de transport d\u2019\u00e9lectricit\u00e9), les 34,1 TWh d\u2019\u00e9nergie g\u00e9n\u00e9r\u00e9s l\u2019an dernier ont permis de couvrir 7,2 % de la <span style=\"text-decoration: underline;\">consommation \u00e9lectrique<\/span> nationale.<\/p>\n\n\n\n<h3 class=\"wp-block-heading\">Quels sont les objectifs du projet\nde Programmation pluriannuelle de l\u2019\u00e9nergie&nbsp;?<\/h3>\n\n\n\n<p class=\"wp-block-paragraph\">En 2018, le projet de Programmation pluriannuelle de l\u2019\u00e9nergie (PPE) a fix\u00e9 des objectifs pour le secteur \u00e9olien. En ce qui concerne l\u2019\u00e9olienne terrestre, le but est de porter la puissance install\u00e9e \u00e0 24,6 GW d\u2019ici fin 2023. D\u2019ici 2028, elle devrait atteindre 34,1 GW pour une option basse et 35,6 GW pour une option haute. <\/p>\n\n\n\n<h3 class=\"wp-block-heading\">\u00c9olienne\nterrestre : des enjeux environnementaux p\u00e8sent sur la fili\u00e8re <\/h3>\n\n\n\n<p class=\"wp-block-paragraph\">L\u2019installation de l\u2019\u00e9olienne terrestre est confront\u00e9e \u00e0 de nombreux enjeux environnementaux et d\u2019acceptabilit\u00e9 locale. De ce fait, la France, qui a approuv\u00e9 la Convention europ\u00e9enne du paysage, s\u2019assure que le d\u00e9veloppement de cette \u00e9nergie renouvelable respecte la \u00ab\u00a0pr\u00e9servation de la qualit\u00e9 de la diversit\u00e9 des <em>paysages ordinaires\u00a0<\/em>\u00bb, consid\u00e9r\u00e9s comme une \u00ab\u00a0richesse nationale\u00a0\u00bb, selon le minist\u00e8re de la Transition \u00e9cologique et solidaire. <\/p>\n\n\n\n<p class=\"wp-block-paragraph\">Le gouvernement veille\n\u00e9galement au d\u00e9veloppement d\u2019une \u00e9olienne terrestre respectueuse de\nl\u2019environnement, qui comprend une certaine limitation de l\u2019impact visuel de ces\ndispositifs sur les paysages.<\/p>\n\n\n\n<p class=\"wp-block-paragraph\">Sources&nbsp;:\necologique-solidaire.gouv.fr et fee.asso.fr<\/p>\n","protected":false},"excerpt":{"rendered":"<p>Source d\u2019\u00e9nergie propre, s\u00fbre et intarissable, l\u2019\u00e9olienne terrestre est un secteur qui se d\u00e9veloppe en France depuis plus de deux d\u00e9cennies. Elle permet de r\u00e9pondre aux objectifs fix\u00e9s par la loi relative \u00e0 la transition \u00e9nerg\u00e9tique pour la croissance verte. L\u2019\u00e9nergie g\u00e9n\u00e9r\u00e9e par l\u2019\u00e9olienne terrestre peut \u00eatre utilis\u00e9e pour assouvir les besoins de consommation des [&hellip;]<\/p>\n","protected":false},"author":1,"featured_media":0,"comment_status":"closed","ping_status":"closed","sticky":false,"template":"","format":"standard","meta":{"_acf_changed":false,"footnotes":""},"categories":[23],"tags":[],"class_list":["post-1706","post","type-post","status-publish","format-standard","hentry","category-blog"],"acf":[],"_links":{"self":[{"href":"https:\/\/www.laminifabrique.fr\/domuneo\/wp-json\/wp\/v2\/posts\/1706","targetHints":{"allow":["GET"]}}],"collection":[{"href":"https:\/\/www.laminifabrique.fr\/domuneo\/wp-json\/wp\/v2\/posts"}],"about":[{"href":"https:\/\/www.laminifabrique.fr\/domuneo\/wp-json\/wp\/v2\/types\/post"}],"author":[{"embeddable":true,"href":"https:\/\/www.laminifabrique.fr\/domuneo\/wp-json\/wp\/v2\/users\/1"}],"replies":[{"embeddable":true,"href":"https:\/\/www.laminifabrique.fr\/domuneo\/wp-json\/wp\/v2\/comments?post=1706"}],"version-history":[{"count":2,"href":"https:\/\/www.laminifabrique.fr\/domuneo\/wp-json\/wp\/v2\/posts\/1706\/revisions"}],"predecessor-version":[{"id":3921,"href":"https:\/\/www.laminifabrique.fr\/domuneo\/wp-json\/wp\/v2\/posts\/1706\/revisions\/3921"}],"wp:attachment":[{"href":"https:\/\/www.laminifabrique.fr\/domuneo\/wp-json\/wp\/v2\/media?parent=1706"}],"wp:term":[{"taxonomy":"category","embeddable":true,"href":"https:\/\/www.laminifabrique.fr\/domuneo\/wp-json\/wp\/v2\/categories?post=1706"},{"taxonomy":"post_tag","embeddable":true,"href":"https:\/\/www.laminifabrique.fr\/domuneo\/wp-json\/wp\/v2\/tags?post=1706"}],"curies":[{"name":"wp","href":"https:\/\/api.w.org\/{rel}","templated":true}]}}