
{"id":1712,"date":"2020-06-17T00:00:00","date_gmt":"2020-06-17T00:00:00","guid":{"rendered":"https:\/\/www.laminifabrique.fr\/domuneo\/recourir-aux-energies-renouvelables-pour-la-relance-economique-en-france\/"},"modified":"2024-02-16T10:08:32","modified_gmt":"2024-02-16T09:08:32","slug":"recourir-aux-energies-renouvelables-pour-la-relance-economique-en-france","status":"publish","type":"post","link":"https:\/\/www.laminifabrique.fr\/domuneo\/blog\/recourir-aux-energies-renouvelables-pour-la-relance-economique-en-france\/","title":{"rendered":"Recourir aux \u00e9nergies renouvelables pour la relance \u00e9conomique en France"},"content":{"rendered":"\n<h2 class=\"wp-block-heading\">Le\ngrand potentiel des \u00e9nergies renouvelables en France pour la relance \u00e9conomique\na \u00e9t\u00e9 d\u00e9battu par les repr\u00e9sentants du Syndicat des \u00c9nergies Renouvelables\n(SER) jeudi 9 juin dernier. Plusieurs mesures ont \u00e9t\u00e9 propos\u00e9es pour p\u00e9renniser\nla fili\u00e8re et faciliter la transition \u00e9nerg\u00e9tique en France.<\/h2>\n\n\n\n<h3 class=\"wp-block-heading\">Relance\n\u00e9conomique en France, les \u00e9nergies renouvelables une solution&nbsp;?<\/h3>\n\n\n\n<p class=\"wp-block-paragraph\">Dans le contexte sanitaire actuel, o\u00f9 la possibilit\u00e9 d\u2019une crise \u00e9conomique majeure n\u2019est pas \u00e0 \u00e9carter en France, les <strong>\u00e9nergies renouvelables<\/strong> sont per\u00e7ues comme \u00ab\u00a0un levier essentiel\u00a0\u00bb pour la relance \u00e9conomique. Fin mars 2020, les \u00e9nergies renouvelables repr\u00e9sentaient 54 234 m\u00e9gawatts du parc \u00e9nerg\u00e9tique fran\u00e7ais, mais avec la crise du coronavirus, les volumes install\u00e9s dans toutes les fili\u00e8res ont connu un ralentissement. Dans son plan d\u2019action, le SER propose de rendre le secteur plus durable, afin de cr\u00e9er de l\u2019emploi et d\u2019apporter une valeur ajout\u00e9e aux territoires, de donner un coup de pouce \u00e0 l\u2019\u00e9conomie et d\u2019encourager le d\u00e9veloppement des fili\u00e8res industrielles fran\u00e7aises. Cette strat\u00e9gie ax\u00e9e sur la transition \u00e9nerg\u00e9tique s\u2019av\u00e8re d\u2019autant plus int\u00e9ressante, compte tenu du fait qu\u2019il s\u2019inscrit dans le <span style=\"text-decoration: underline;\">Pacte Vert europ\u00e9en<\/span> (Green Deal) contre le r\u00e9chauffement climatique, dont l\u2019ambition est de faire de l\u2019Europe le premier continent neutre sur le plan climatique d\u2019ici 2050. Selon le SER, l\u2019application de la programmation pluriannuelle de l\u2019\u00e9nergie (PPE) adopt\u00e9e fin avril devrait \u00eatre l\u2019axe central de ce plan d\u2019action en France.<\/p>\n\n\n<div class=\"wp-block-image\">\n<figure class=\"aligncenter size-large\"><img decoding=\"async\" src=\"https:\/\/www.laminifabrique.fr\/domuneo\/wp-content\/uploads\/2020\/06\/pinwheel-2222471_1920_opt-1.jpg\" alt=\"France, energies renouvelables pour la relance economique et la transition energetique\n\n\" class=\"wp-image-1582\"\/><figcaption class=\"wp-element-caption\"><br><br> La valorisation des \u00e9nergies renouvelables en France \u00e3 winterseitler\/Pixabay <\/figcaption><\/figure>\n<\/div>\n\n\n<h3 class=\"wp-block-heading\">Faciliter la\ntransition \u00e9nerg\u00e9tique en France<\/h3>\n\n\n\n<p class=\"wp-block-paragraph\">Selon le Syndicat des \u00c9nergies Renouvelables, le d\u00e9veloppement des projets relatifs aux \u00e9nergies renouvelables est trop long en <strong>France<\/strong>, compar\u00e9 aux autres pays europ\u00e9ens. La premi\u00e8re mesure propos\u00e9e concerne donc la fluidification et l\u2019acc\u00e9l\u00e9ration du d\u00e9veloppement des projets relatifs aux \u00e9nergies renouvelables. Pour ce faire, le syndicat sugg\u00e8re la d\u00e9mat\u00e9rialisation du d\u00e9p\u00f4t de demandes de permis de construire et d\u2019autorisation environnementale. Il propose \u00e9galement de maintenir les revenus relatifs \u00e0 la fiscalit\u00e9 carbone en France et de les consacrer \u00e0 des <em>dispositifs d\u2019aides aux m\u00e9nages<\/em>, afin de soutenir le pouvoir d\u2019achat des Fran\u00e7ais\u00a0; un moyen d\u2019encourager la transition \u00e9nerg\u00e9tique et de faciliter l\u2019abandon des \u00e9nergies fossiles.<\/p>\n\n\n\n<h3 class=\"wp-block-heading\">Miser sur le\nb\u00e2timent pour la neutralit\u00e9 carbone et pour la relance \u00e9conomique<\/h3>\n\n\n\n<p class=\"wp-block-paragraph\">Pour le Syndicat des \u00c9nergies Renouvelables, la neutralit\u00e9 carbone du b\u00e2timent est l\u2019un des axes majeurs pour l\u2019\u00e9conomie en France. Il s\u2019agit en effet d\u2019une source non n\u00e9gligeable de <span style=\"text-decoration: underline;\">cr\u00e9ation d\u2019emplois<\/span> et constitue une valeur ajout\u00e9e pour le pays. Pour atteindre cet objectif, l\u2019organisme propose d\u2019\u00e9largir le CITE \u00e0 toute la population, et donc d\u2019inclure les m\u00e9nages dont le niveau de vie s\u2019inscrit dans les d\u00e9ciles de revenus 9 et 10. Il propose \u00e9galement la s\u00e9curisation du <em>d\u00e9veloppement des r\u00e9seaux \u00e9lectriques<\/em>, de gaz et de chaleur en France, et de procurer un accompagnement pour le d\u00e9ploiement des entreprises \u00e0 l\u2019international.<\/p>\n\n\n\n<h3 class=\"wp-block-heading\">France&nbsp;: des\nmesures pour chaque type d\u2019\u00e9nergies renouvelables<\/h3>\n\n\n\n<p class=\"wp-block-paragraph\">Pour conclure, le Syndicat des \u00c9nergies Renouvelables a\npropos\u00e9 une s\u00e9rie de mesures pour chaque type d\u2019\u00e9nergie renouvelable, notamment\nl\u2019\u00e9olien terrestre, l\u2019\u00e9olien en mer, le parc solaire (avec l\u2019adaptation des\nm\u00e9canismes de soutien pour l\u2019autoconsommation), le bois \u00e9nergie, le\nbiocarburant, le <a href=\"https:\/\/www.ademe.fr\/mix-gaz-100-renouvelable-2050\">gaz\nrenouvelable<\/a> ou encore la g\u00e9othermie. Celles-ci portent sur le\nd\u00e9ploiement de ces \u00e9nergies renouvelables et leur accessibilit\u00e9 en faveur de la\ntransition \u00e9nerg\u00e9tique en France.<\/p>\n","protected":false},"excerpt":{"rendered":"<p>Le grand potentiel des \u00e9nergies renouvelables en France pour la relance \u00e9conomique a \u00e9t\u00e9 d\u00e9battu par les repr\u00e9sentants du Syndicat des \u00c9nergies Renouvelables (SER) jeudi 9 juin dernier. Plusieurs mesures ont \u00e9t\u00e9 propos\u00e9es pour p\u00e9renniser la fili\u00e8re et faciliter la transition \u00e9nerg\u00e9tique en France. Relance \u00e9conomique en France, les \u00e9nergies renouvelables une solution&nbsp;? Dans le [&hellip;]<\/p>\n","protected":false},"author":1,"featured_media":0,"comment_status":"closed","ping_status":"closed","sticky":false,"template":"","format":"standard","meta":{"_acf_changed":false,"footnotes":""},"categories":[23],"tags":[],"class_list":["post-1712","post","type-post","status-publish","format-standard","hentry","category-blog"],"acf":[],"_links":{"self":[{"href":"https:\/\/www.laminifabrique.fr\/domuneo\/wp-json\/wp\/v2\/posts\/1712","targetHints":{"allow":["GET"]}}],"collection":[{"href":"https:\/\/www.laminifabrique.fr\/domuneo\/wp-json\/wp\/v2\/posts"}],"about":[{"href":"https:\/\/www.laminifabrique.fr\/domuneo\/wp-json\/wp\/v2\/types\/post"}],"author":[{"embeddable":true,"href":"https:\/\/www.laminifabrique.fr\/domuneo\/wp-json\/wp\/v2\/users\/1"}],"replies":[{"embeddable":true,"href":"https:\/\/www.laminifabrique.fr\/domuneo\/wp-json\/wp\/v2\/comments?post=1712"}],"version-history":[{"count":2,"href":"https:\/\/www.laminifabrique.fr\/domuneo\/wp-json\/wp\/v2\/posts\/1712\/revisions"}],"predecessor-version":[{"id":3952,"href":"https:\/\/www.laminifabrique.fr\/domuneo\/wp-json\/wp\/v2\/posts\/1712\/revisions\/3952"}],"wp:attachment":[{"href":"https:\/\/www.laminifabrique.fr\/domuneo\/wp-json\/wp\/v2\/media?parent=1712"}],"wp:term":[{"taxonomy":"category","embeddable":true,"href":"https:\/\/www.laminifabrique.fr\/domuneo\/wp-json\/wp\/v2\/categories?post=1712"},{"taxonomy":"post_tag","embeddable":true,"href":"https:\/\/www.laminifabrique.fr\/domuneo\/wp-json\/wp\/v2\/tags?post=1712"}],"curies":[{"name":"wp","href":"https:\/\/api.w.org\/{rel}","templated":true}]}}