
{"id":1713,"date":"2020-07-28T00:00:00","date_gmt":"2020-07-28T00:00:00","guid":{"rendered":"https:\/\/www.laminifabrique.fr\/domuneo\/le-vitrage-photovoltaique-photochromique-la-vitre-du-futur\/"},"modified":"2024-02-15T14:55:37","modified_gmt":"2024-02-15T13:55:37","slug":"le-vitrage-photovoltaique-photochromique-la-vitre-du-futur","status":"publish","type":"post","link":"https:\/\/www.laminifabrique.fr\/domuneo\/blog\/le-vitrage-photovoltaique-photochromique-la-vitre-du-futur\/","title":{"rendered":"Le vitrage photovolta\u00efque photochromique, la vitre du futur\u00a0?"},"content":{"rendered":"\n<p class=\"wp-block-paragraph\">Des chercheurs du\nCommissariat \u00e0 l\u2019\u00e9nergie atomique et aux \u00e9nergies alternatives (CEA) et de\nl\u2019Universit\u00e9 Pablo de Olavide ont mis au point une nouvelle famille de\ncolorants photochromes, qui peuvent \u00eatre utilis\u00e9s dans le domaine du vitrage\nphotovolta\u00efque, un atout pour l\u2019architecture et l\u2019autonomie de demain. L\u2019id\u00e9e\nest de produire du vitrage photovolta\u00efque photochromique, c\u2019est \u00e0 dire des\nvitres dont la transparence s\u2019ajuste en fonction du taux d\u2019ensoleillement.<\/p>\n\n\n\n<h3 class=\"wp-block-heading\">Le vitrage photovolta\u00efque\nphotochromique, un atout pour l\u2019architecture et l\u2019automobile<\/h3>\n\n\n\n<p class=\"wp-block-paragraph\">Le <strong>vitrage<\/strong> photovolta\u00efque n\u2019est pas une nouveaut\u00e9 en lui-m\u00eame, puisque de nombreuses entreprises travaillent d\u00e9j\u00e0 sur la vitre solaire. Les cellules solaires \u00e0 colorants pr\u00e9sentent en effet des atouts non n\u00e9gligeables\u00a0; leur faible co\u00fbt et leur capacit\u00e9 \u00e0 convertir l\u2019\u00e9nergie solaire en \u00e9lectricit\u00e9 (14 %), et ce, m\u00eame quand l\u2019ensoleillement est faible, pr\u00e9cise le CEA. Il fallait donc trouver le juste milieu entre la transparence du vitrage photovolta\u00efque et son efficacit\u00e9 en termes de <span style=\"text-decoration: underline;\">conversion \u00e9nerg\u00e9tique<\/span>. D\u2019apr\u00e8s le Commissariat \u00e0 l\u2019\u00e9nergie atomique et aux \u00e9nergies alternatives, des chercheurs de l\u2019Institut de recherche interdisciplinaire \u00e0 Grenoble (Irig) ont r\u00e9ussi \u00e0 trouver un compromis entre transparence et capacit\u00e9 de conversion en inventant des vitres dont la transparence s\u2019ajuste en fonction de l\u2019ensoleillement, un peu comme les lunettes. Quand il y a un fort ensoleillement, ces cellules s\u2019assombrissent pour produire de l\u2019\u00e9lectricit\u00e9, et s\u2019\u00e9claircissent quand la lumi\u00e8re du soleil est faible.<\/p>\n\n\n\n<h3 class=\"wp-block-heading\">Des colorants photochromes de\ndiff\u00e9rentes couleurs pour augmenter le rendement \u00e9nerg\u00e9tique<\/h3>\n\n\n\n<p class=\"wp-block-paragraph\">Les <em>colorants photochromes<\/em> invent\u00e9s par les chercheurs affichent diff\u00e9rentes couleurs. Les experts ont optimis\u00e9 leur structure afin de pouvoir concilier photochromisme et vitrage <strong>photovolta\u00efque<\/strong>. C\u2019est comme cela qu\u2019ils ont pu cr\u00e9er des vitres photochromiques pouvant passer du jaune \u00e0 l\u2019orang\u00e9, ou encore du rouge au vert fonc\u00e9 quand il y a un fort ensoleillement. Ce changement de couleur est indicatif de leur rendement \u00e9nerg\u00e9tique. D\u2019apr\u00e8s le CEA, une cellule d\u2019une surface active de 14 cm<sup>2<\/sup> peut produire 32,5 mW d\u2019\u00e9nergie apr\u00e8s coloration. Pour le moment, il s\u2019agit seulement d\u2019une \u00e9tude et les chercheurs doivent donc \u00ab\u00a0optimiser la stabilit\u00e9 de ces cellules et les vitesses de transition entre faible et forte luminosit\u00e9s\u00a0\u00bb, pr\u00e9cise le CEA.<\/p>\n\n\n<div class=\"wp-block-image\">\n<figure class=\"aligncenter size-large\"><img decoding=\"async\" src=\"https:\/\/www.laminifabrique.fr\/domuneo\/wp-content\/uploads\/2020\/07\/buildings-2862807_1920-1_opt.jpg\" alt=\"Vitrage photovoltaique photochromique, des vitres reagissant a l ensoleillement\n\" class=\"wp-image-1588\"\/><figcaption class=\"wp-element-caption\"> <br> Le vitrage photovolta\u00efque photochromique est un atout pour le b\u00e2timent \u00d3 F.Muhammad\/Pixabay <\/figcaption><\/figure>\n<\/div>\n\n\n<h3 class=\"wp-block-heading\">Pourquoi le vitrage\nphotovolta\u00efque&nbsp;int\u00e9resse-t-il autant&nbsp;?<\/h3>\n\n\n\n<p class=\"wp-block-paragraph\">En termes d\u2019\u00e9conomie et d\u2019<span style=\"text-decoration: underline;\">\u00e9cologie<\/span>, le vitrage photovolta\u00efque constitue un \u00e9l\u00e9ment de taille pour les b\u00e2timents \u00e0 \u00e9nergie positive. Que ce soit pour une r\u00e9novation ou une construction neuve, il s\u2019agit d\u2019un dispositif d\u2019\u00e9nergie renouvelable plut\u00f4t facile \u00e0 inclure \u00e0 un b\u00e2timent, contrairement aux panneaux photovolta\u00efques, qui n\u00e9cessitent plus d\u2019espace.\u00a0 <\/p>\n\n\n\n<p class=\"wp-block-paragraph\">L\u2019int\u00e9r\u00eat principal du vitrage photovolta\u00efque est le fait qu\u2019il permettra le principe d\u2019autoconsommation entre l\u2019\u00e9nergie consomm\u00e9e et l\u2019\u00e9nergie produite. L\u2019installation de vitres solaires permettra de r\u00e9duire sa facture \u00e9nerg\u00e9tique consid\u00e9rablement et de faire un pas de plus vers la <em>transition \u00e9nerg\u00e9tique<\/em>. Gr\u00e2ce \u00e0 un syst\u00e8me connect\u00e9 visant \u00e0 r\u00e9gulariser l\u2019occultation et la temp\u00e9rature, il sera possible d\u2019augmenter le confort au sein du logement. Enfin, les vitres solaires sont aussi faciles \u00e0 entretenir.<\/p>\n\n\n\n<p class=\"wp-block-paragraph\">Source&nbsp;:\ncea.fr<\/p>\n","protected":false},"excerpt":{"rendered":"<p>Des chercheurs du Commissariat \u00e0 l\u2019\u00e9nergie atomique et aux \u00e9nergies alternatives (CEA) et de l\u2019Universit\u00e9 Pablo de Olavide ont mis au point une nouvelle famille de colorants photochromes, qui peuvent \u00eatre utilis\u00e9s dans le domaine du vitrage photovolta\u00efque, un atout pour l\u2019architecture et l\u2019autonomie de demain. L\u2019id\u00e9e est de produire du vitrage photovolta\u00efque photochromique, c\u2019est [&hellip;]<\/p>\n","protected":false},"author":1,"featured_media":0,"comment_status":"closed","ping_status":"closed","sticky":false,"template":"","format":"standard","meta":{"_acf_changed":false,"footnotes":""},"categories":[23],"tags":[],"class_list":["post-1713","post","type-post","status-publish","format-standard","hentry","category-blog"],"acf":[],"_links":{"self":[{"href":"https:\/\/www.laminifabrique.fr\/domuneo\/wp-json\/wp\/v2\/posts\/1713","targetHints":{"allow":["GET"]}}],"collection":[{"href":"https:\/\/www.laminifabrique.fr\/domuneo\/wp-json\/wp\/v2\/posts"}],"about":[{"href":"https:\/\/www.laminifabrique.fr\/domuneo\/wp-json\/wp\/v2\/types\/post"}],"author":[{"embeddable":true,"href":"https:\/\/www.laminifabrique.fr\/domuneo\/wp-json\/wp\/v2\/users\/1"}],"replies":[{"embeddable":true,"href":"https:\/\/www.laminifabrique.fr\/domuneo\/wp-json\/wp\/v2\/comments?post=1713"}],"version-history":[{"count":2,"href":"https:\/\/www.laminifabrique.fr\/domuneo\/wp-json\/wp\/v2\/posts\/1713\/revisions"}],"predecessor-version":[{"id":3917,"href":"https:\/\/www.laminifabrique.fr\/domuneo\/wp-json\/wp\/v2\/posts\/1713\/revisions\/3917"}],"wp:attachment":[{"href":"https:\/\/www.laminifabrique.fr\/domuneo\/wp-json\/wp\/v2\/media?parent=1713"}],"wp:term":[{"taxonomy":"category","embeddable":true,"href":"https:\/\/www.laminifabrique.fr\/domuneo\/wp-json\/wp\/v2\/categories?post=1713"},{"taxonomy":"post_tag","embeddable":true,"href":"https:\/\/www.laminifabrique.fr\/domuneo\/wp-json\/wp\/v2\/tags?post=1713"}],"curies":[{"name":"wp","href":"https:\/\/api.w.org\/{rel}","templated":true}]}}