
{"id":1715,"date":"2020-10-09T00:00:00","date_gmt":"2020-10-09T00:00:00","guid":{"rendered":"https:\/\/www.laminifabrique.fr\/domuneo\/renovation-energetique-des-aides-financieres-disponibles\/"},"modified":"2024-02-15T14:51:57","modified_gmt":"2024-02-15T13:51:57","slug":"renovation-energetique-des-aides-financieres-disponibles","status":"publish","type":"post","link":"https:\/\/www.laminifabrique.fr\/domuneo\/blog\/renovation-energetique-des-aides-financieres-disponibles\/","title":{"rendered":"R\u00e9novation \u00e9nerg\u00e9tique\u00a0: des aides financi\u00e8res disponibles"},"content":{"rendered":"\n<p class=\"wp-block-paragraph\">Vous souhaitez proc\u00e9der \u00e0 la r\u00e9alisation de travaux de r\u00e9novation \u00e9nerg\u00e9tique de votre maison ou appartement ? Sachez que l\u2019\u00c9tat vous accorde certaines aides financi\u00e8res pour concr\u00e9tiser votre projet. MaPrimeR\u00e9nov\u2019, CITE ou encore l\u2019\u00e9co-PTZ, l\u2019allocation d\u00e9pendra cependant de certaines conditions. <\/p>\n\n\n\n<h2 class=\"wp-block-heading\">Profitez de\nMaPrimeR\u00e9nov\u2019 pour votre r\u00e9novation \u00e9nerg\u00e9tique<\/h2>\n\n\n\n<p class=\"wp-block-paragraph\">L\u2019am\u00e9lioration de l\u2019habitat et la r\u00e9duction de votre facture passent par des travaux de <strong>r\u00e9novation \u00e9nerg\u00e9tique<\/strong>. Depuis le 1<sup>er<\/sup> janvier 2020, l\u2019\u00c9tat propose une nouvelle aide financi\u00e8re, accord\u00e9e aux m\u00e9nages selon certains plafonds de ressources et le nombre de personnes composant le foyer. Voici la marche \u00e0 suivre\u00a0:<br>Une fois votre professionnel RGE choisi, cr\u00e9ez un compte sur le site <span style=\"text-decoration: underline;\">MaPrimeR\u00e9nov\u2019<\/span> et faites votre demande. D\u00e8s que vous aurez re\u00e7u l\u2019accus\u00e9 de r\u00e9ception, vous pourrez lancer les ouvrages. Une fois le projet concr\u00e9tis\u00e9, il ne restera plus qu\u2019\u00e0 transmettre le montant de ces travaux \u00e0 travers votre compte en ligne pour b\u00e9n\u00e9ficier de cette prime.<\/p>\n\n\n\n<h2 class=\"wp-block-heading\">D\u00e9couvrez l\u2019\u00e9co-PTZ pour les r\u00e9sidences principales<\/h2>\n\n\n\n<p class=\"wp-block-paragraph\">Que vous soyez propri\u00e9taire occupant ou bailleur, vous pouvez pr\u00e9tendre \u00e0 l\u2019\u00e9co-PTZ (un emprunt \u00e0 un niveau d\u2019int\u00e9r\u00eat nul), \u00e0 condition que le <strong>logement<\/strong> concern\u00e9 soit d\u00e9clar\u00e9 comme une r\u00e9sidence principale ou destin\u00e9 \u00e0 l\u2019\u00eatre. Pour en b\u00e9n\u00e9ficier, il faut que les ouvrages effectu\u00e9s conduisent \u00e0 une am\u00e9lioration d\u2019au moins 35 % de la performance de l\u2019habitat par rapport \u00e0 la consommation initiale. Soulignons que ce dispositif peut \u00eatre cumul\u00e9 au <span style=\"text-decoration: underline;\">pr\u00eat accession pour l\u2019acquisition d\u2019une habitation<\/span> devant \u00eatre r\u00e9nov\u00e9e.<\/p>\n\n\n\n<h2 class=\"wp-block-heading\">Des d\u00e9penses all\u00e9g\u00e9es gr\u00e2ce au CITE <\/h2>\n\n\n\n<p class=\"wp-block-paragraph\">Destin\u00e9 aux m\u00e9nages \u00e0 revenus interm\u00e9diaires, le CITE (Cr\u00e9dit d\u2019imp\u00f4t transition \u00e9nerg\u00e9tique) fait aussi partie des aides financi\u00e8res accord\u00e9es pour la r\u00e9novation \u00e9nerg\u00e9tique. Il vous permet de d\u00e9duire une partie des d\u00e9penses de l\u2019imp\u00f4t sur le revenu. Les propri\u00e9taires occupants peuvent b\u00e9n\u00e9ficier de cet emprunt sous certaines conditions de ressources. L\u2019habitat concern\u00e9 doit \u00eatre la <em>r\u00e9sidence principale<\/em> de l\u2019occupant et avoir \u00e9t\u00e9 construit depuis au moins deux ans. Les ouvrages peuvent concerner le chauffage et l\u2019eau chaude sanitaire, l\u2019isolation thermique ou encore la ventilation double flux. <\/p>\n\n\n\n<h2 class=\"wp-block-heading\">Les subventions d\u2019Action Logement<\/h2>\n\n\n\n<p class=\"wp-block-paragraph\">De son c\u00f4t\u00e9, Action Logement propose des subventions pour le financement de la r\u00e9novation \u00e9nerg\u00e9tique de votre maison. Comme pour les autres allocations susmentionn\u00e9es, les habitations concern\u00e9es doivent \u00eatre des r\u00e9sidences principales. Elles doivent \u00e9galement \u00eatre situ\u00e9es en zone B2 ou C ou sinon dans l\u2019une des communes du programme \u00ab\u00a0action coeur de ville\u00a0\u00bb. \u00c0 noter que la <em>subvention<\/em> peut couvrir le remplacement d\u2019un syst\u00e8me de chauffage ou sinon l\u2019installation d\u2019un \u00e9quipement fonctionnant avec des \u00e9nergies renouvelables, entre autres.<\/p>\n\n\n\n<h2 class=\"wp-block-heading\">B\u00e9n\u00e9ficiez de\nla TVA \u00e0 taux r\u00e9duit<\/h2>\n\n\n\n<p class=\"wp-block-paragraph\">En r\u00e8gle g\u00e9n\u00e9rale, la TVA appliqu\u00e9e \u00e0 la r\u00e9habilitation des logements est de 10 %, mais lorsqu\u2019il s\u2019agit de l\u2019am\u00e9lioration de l\u2019efficacit\u00e9 d\u2019\u00e9nergie, elle est r\u00e9duite \u00e0 5,5 %. En plus des propri\u00e9taires occupants, les locataires et occupants \u00e0 titre gratuit peuvent aussi pr\u00e9tendre \u00e0 cette aide financi\u00e8re. <br>D\u2019autre part, sachez que vous pouvez b\u00e9n\u00e9ficier d\u2019une TVA \u00e0 10 % pour l\u2019installation de panneaux photovolta\u00efques raccord\u00e9s \u00e0 un r\u00e9seau inf\u00e9rieur ou sinon \u00e9gal \u00e0 3 kWc. Cette offre peut \u00eatre int\u00e9ressante pour ceux qui pensent \u00e0 l\u2019autoconsommation. Une prime \u00e0 l\u2019investissement est aussi accord\u00e9e \u00e0 ceux qui veulent produire leur propre \u00e9lectricit\u00e9. Par ailleurs, en plus de celles du gouvernement, vous pouvez aussi pr\u00e9tendre \u00e0 des allocations propos\u00e9es par les collectivit\u00e9s locales, sous certaines conditions. \u00c0 noter que les travaux doivent \u00eatre r\u00e9alis\u00e9s par des entreprises qualifi\u00e9es.<\/p>\n","protected":false},"excerpt":{"rendered":"<p>Vous souhaitez proc\u00e9der \u00e0 la r\u00e9alisation de travaux de r\u00e9novation \u00e9nerg\u00e9tique de votre maison ou appartement ? Sachez que l\u2019\u00c9tat vous accorde certaines aides financi\u00e8res pour concr\u00e9tiser votre projet. MaPrimeR\u00e9nov\u2019, CITE ou encore l\u2019\u00e9co-PTZ, l\u2019allocation d\u00e9pendra cependant de certaines conditions. Profitez de MaPrimeR\u00e9nov\u2019 pour votre r\u00e9novation \u00e9nerg\u00e9tique L\u2019am\u00e9lioration de l\u2019habitat et la r\u00e9duction de votre [&hellip;]<\/p>\n","protected":false},"author":1,"featured_media":0,"comment_status":"closed","ping_status":"closed","sticky":false,"template":"","format":"standard","meta":{"_acf_changed":false,"footnotes":""},"categories":[23],"tags":[],"class_list":["post-1715","post","type-post","status-publish","format-standard","hentry","category-blog"],"acf":[],"_links":{"self":[{"href":"https:\/\/www.laminifabrique.fr\/domuneo\/wp-json\/wp\/v2\/posts\/1715","targetHints":{"allow":["GET"]}}],"collection":[{"href":"https:\/\/www.laminifabrique.fr\/domuneo\/wp-json\/wp\/v2\/posts"}],"about":[{"href":"https:\/\/www.laminifabrique.fr\/domuneo\/wp-json\/wp\/v2\/types\/post"}],"author":[{"embeddable":true,"href":"https:\/\/www.laminifabrique.fr\/domuneo\/wp-json\/wp\/v2\/users\/1"}],"replies":[{"embeddable":true,"href":"https:\/\/www.laminifabrique.fr\/domuneo\/wp-json\/wp\/v2\/comments?post=1715"}],"version-history":[{"count":2,"href":"https:\/\/www.laminifabrique.fr\/domuneo\/wp-json\/wp\/v2\/posts\/1715\/revisions"}],"predecessor-version":[{"id":3914,"href":"https:\/\/www.laminifabrique.fr\/domuneo\/wp-json\/wp\/v2\/posts\/1715\/revisions\/3914"}],"wp:attachment":[{"href":"https:\/\/www.laminifabrique.fr\/domuneo\/wp-json\/wp\/v2\/media?parent=1715"}],"wp:term":[{"taxonomy":"category","embeddable":true,"href":"https:\/\/www.laminifabrique.fr\/domuneo\/wp-json\/wp\/v2\/categories?post=1715"},{"taxonomy":"post_tag","embeddable":true,"href":"https:\/\/www.laminifabrique.fr\/domuneo\/wp-json\/wp\/v2\/tags?post=1715"}],"curies":[{"name":"wp","href":"https:\/\/api.w.org\/{rel}","templated":true}]}}