
{"id":1717,"date":"2020-11-18T00:00:00","date_gmt":"2020-11-18T00:00:00","guid":{"rendered":"https:\/\/www.laminifabrique.fr\/domuneo\/tout-savoir-sur-lautoconsommation-photovoltaique\/"},"modified":"2024-02-15T14:45:10","modified_gmt":"2024-02-15T13:45:10","slug":"tout-savoir-sur-lautoconsommation-photovoltaique","status":"publish","type":"post","link":"https:\/\/www.laminifabrique.fr\/domuneo\/blog\/tout-savoir-sur-lautoconsommation-photovoltaique\/","title":{"rendered":"Tout savoir sur l\u2019autoconsommation photovolta\u00efque\u00a0!"},"content":{"rendered":"\n<p class=\"wp-block-paragraph\">Avec\nles nombreux b\u00e9n\u00e9fices qu\u2019elle offre, l\u2019autoconsommation, soit le fait de\nproduire et de consommer sa propre \u00e9nergie, devient de plus en plus attractive\nen France. Et pour cause&nbsp;! Une baisse du prix des installations vous\npermet une rentabilit\u00e9 plus rapide de vos projets de transition \u00e9nerg\u00e9tique.<\/p>\n\n\n\n<h2 class=\"wp-block-heading\">Autoconsommation : une croissance multipli\u00e9e par 3 en France\u00a0!<\/h2>\n\n\n\n<p class=\"wp-block-paragraph\">En 2 ans, la puissance photovolta\u00efque en <strong>autoconsommation<\/strong> a \u00e9t\u00e9 multipli\u00e9e par 3, tandis que le rythme des raccordements prend de l\u2019ampleur chaque trimestre. Mi-2020, malgr\u00e9 une ann\u00e9e boulevers\u00e9e par la <span style=\"text-decoration: underline;\">crise sanitaire<\/span>, les experts ont d\u00e9nombr\u00e9 77 572 installations au r\u00e9seau de distribution d\u2019\u00e9lectricit\u00e9, pour une puissance totale de 320 MWc. L\u2019an dernier, le nombre d\u2019installations de 36 kWc \u00e0 100 kWc a bondi de 120 %, preuve de la bonne sant\u00e9 de ce secteur tr\u00e8s florissant dans l\u2019Hexagone.<\/p>\n\n\n\n<h2 class=\"wp-block-heading\">L\u2019autoconsommation vous int\u00e9resse\u00a0? D\u00e9terminez votre profil de consommation\u00a0!<\/h2>\n\n\n\n<p class=\"wp-block-paragraph\">Si vous voulez investir dans une installation d\u2019autoconsommation <strong>photovolta\u00efque<\/strong>, il vous faut d\u2019abord prendre rendez-vous avec un de nos conseillers pour \u00e9tablir une \u00e9tude de faisabilit\u00e9 personnalis\u00e9e. Pour cela, vous devez vous rendre sur le site de <em>Domuneo<\/em> et remplir le formulaire en bas de page. Un conseiller vous contactera dans les 48h. Il \u00e9tablira alors, votre profil de consommation et pourra calibrer une offre sur mesure. Elle permettra le bon dimensionnement de votre future installation.<\/p>\n\n\n\n<h3 class=\"wp-block-heading\">Basculez de la consommation \u00e0 l\u2019autoconsommation<\/h3>\n\n\n\n<p class=\"wp-block-paragraph\">La mise en place d\u2019un syst\u00e8me de Domuneo vous permettra de consommer votre propre \u00e9lectricit\u00e9 et gr\u00e2ce au Domuneo Mylight Inside, vous pourrez g\u00e9rer et optimiser votre consommation d\u2019\u00e9nergie. Cela vous permettra, entre autres, d\u2019utiliser les <em>appareils \u00e9lectrom\u00e9nagers<\/em> les plus gourmands en \u00e9nergie aux heures ensoleill\u00e9es, de pouvoir programmer selon vos habitudes, tout appareil \u00e9lectrique pour votre confort au quotidien. Vous pourrez aussi prendre le contr\u00f4le de vos appareils \u00e0 distance. <\/p>\n\n\n\n<h3 class=\"wp-block-heading\">Vous souhaitez une \u00e9tude de faisabilit\u00e9 personnalis\u00e9e\u00a0?<\/h3>\n\n\n\n<p class=\"wp-block-paragraph\">Rien de plus simple\u00a0! Testez votre \u00e9ligibilit\u00e9 pour les <span style=\"text-decoration: underline;\">aides \u00e0 l\u2019autoconsommation<\/span> et pour le dimensionnement de votre centrale solaire en seulement quelques secondes. Dirigez-vous vers le site Domuneo et remplissez le formulaire en bas de page. Domuneo vous accompagne pour devenir producteur d\u2019\u00e9lectricit\u00e9 ind\u00e9pendant depuis plus de 10 ans. Un conseiller vous contactera sous 48 heures. <\/p>\n\n\n\n<p class=\"wp-block-paragraph\">Domuneo\napporte son expertise depuis plus de 10 ans dans l\u2019autoconsommation\nphotovoltaique. Nous avons toutes les qualifications pour amener \u00e0 bien votre\nprojet de transition \u00e9nerg\u00e9tique.<\/p>\n","protected":false},"excerpt":{"rendered":"<p>Avec les nombreux b\u00e9n\u00e9fices qu\u2019elle offre, l\u2019autoconsommation, soit le fait de produire et de consommer sa propre \u00e9nergie, devient de plus en plus attractive en France. Et pour cause&nbsp;! Une baisse du prix des installations vous permet une rentabilit\u00e9 plus rapide de vos projets de transition \u00e9nerg\u00e9tique. Autoconsommation : une croissance multipli\u00e9e par 3 en [&hellip;]<\/p>\n","protected":false},"author":1,"featured_media":0,"comment_status":"closed","ping_status":"closed","sticky":false,"template":"","format":"standard","meta":{"_acf_changed":false,"footnotes":""},"categories":[23],"tags":[],"class_list":["post-1717","post","type-post","status-publish","format-standard","hentry","category-blog"],"acf":[],"_links":{"self":[{"href":"https:\/\/www.laminifabrique.fr\/domuneo\/wp-json\/wp\/v2\/posts\/1717","targetHints":{"allow":["GET"]}}],"collection":[{"href":"https:\/\/www.laminifabrique.fr\/domuneo\/wp-json\/wp\/v2\/posts"}],"about":[{"href":"https:\/\/www.laminifabrique.fr\/domuneo\/wp-json\/wp\/v2\/types\/post"}],"author":[{"embeddable":true,"href":"https:\/\/www.laminifabrique.fr\/domuneo\/wp-json\/wp\/v2\/users\/1"}],"replies":[{"embeddable":true,"href":"https:\/\/www.laminifabrique.fr\/domuneo\/wp-json\/wp\/v2\/comments?post=1717"}],"version-history":[{"count":2,"href":"https:\/\/www.laminifabrique.fr\/domuneo\/wp-json\/wp\/v2\/posts\/1717\/revisions"}],"predecessor-version":[{"id":3912,"href":"https:\/\/www.laminifabrique.fr\/domuneo\/wp-json\/wp\/v2\/posts\/1717\/revisions\/3912"}],"wp:attachment":[{"href":"https:\/\/www.laminifabrique.fr\/domuneo\/wp-json\/wp\/v2\/media?parent=1717"}],"wp:term":[{"taxonomy":"category","embeddable":true,"href":"https:\/\/www.laminifabrique.fr\/domuneo\/wp-json\/wp\/v2\/categories?post=1717"},{"taxonomy":"post_tag","embeddable":true,"href":"https:\/\/www.laminifabrique.fr\/domuneo\/wp-json\/wp\/v2\/tags?post=1717"}],"curies":[{"name":"wp","href":"https:\/\/api.w.org\/{rel}","templated":true}]}}