
{"id":1719,"date":"2020-12-29T00:00:00","date_gmt":"2020-12-29T00:00:00","guid":{"rendered":"https:\/\/www.laminifabrique.fr\/domuneo\/electricite-les-energies-renouvelables-connaitront-un-boom-dici-2025\/"},"modified":"2024-02-15T14:43:11","modified_gmt":"2024-02-15T13:43:11","slug":"electricite-les-energies-renouvelables-connaitront-un-boom-dici-2025","status":"publish","type":"post","link":"https:\/\/www.laminifabrique.fr\/domuneo\/blog\/electricite-les-energies-renouvelables-connaitront-un-boom-dici-2025\/","title":{"rendered":"\u00c9lectricit\u00e9\u00a0: les \u00e9nergies renouvelables conna\u00eetront un boom d\u2019ici 2025\u00a0!"},"content":{"rendered":"\n<p class=\"wp-block-paragraph\">La crise de la Covid-19 n\u2019emp\u00eache pas la progression de\nl\u2019utilisation des \u00e9nergies renouvelables pour la production de l\u2019\u00e9lectricit\u00e9,\nselon l\u2019Agence internationale de l\u2019\u00e9nergie (AIE). Une croissance consid\u00e9r\u00e9e\ncomme \u00ab&nbsp;robuste&nbsp;\u00bb est donc attendue dans les ann\u00e9es \u00e0 venir, une\nbonne nouvelle pour ceux qui pensent \u00e0 fabriquer leur propre \u00e9lectricit\u00e9.<\/p>\n\n\n\n<h2 class=\"wp-block-heading\">\u00c9lectricit\u00e9 : les \u00e9nergies renouvelables <\/h2>\n\n\n\n<p class=\"wp-block-paragraph\">Alors que la fili\u00e8re \u00e9nergie n\u2019est pas \u00e9pargn\u00e9e par la crise sanitaire, avec une baisse de la consommation \u00e0 hauteur de 5 % attendue cette ann\u00e9e, un secteur en particulier tire son \u00e9pingle du jeu. Il s\u2019agit de l\u2019<strong>\u00e9lectricit\u00e9<\/strong> produite via les \u00e9nergies renouvelables, qui pourrait conna\u00eetre une hausse de 7 % en 2020, d\u2019apr\u00e8s les estimations de l\u2019AIE. Selon elle, ces fili\u00e8res vont repr\u00e9senter \u00ab\u00a0presque 90 % de la hausse des <span style=\"text-decoration: underline;\">capacit\u00e9s \u00e9lectriques<\/span> renouvelables\u00a0\u00bb dans le monde cette ann\u00e9e.<\/p>\n\n\n\n<h2 class=\"wp-block-heading\">Un secteur\nport\u00e9 par le solaire photovolta\u00efque <\/h2>\n\n\n\n<p class=\"wp-block-paragraph\">D\u2019ici 2025, les experts tablent sur une augmentation de l\u2019\u00e9lectricit\u00e9 d\u2019origine renouvelable de presque 50 %, \u00e0 9 745 TWh. Selon l\u2019Agence internationale de l\u2019\u00e9nergie, c\u2019est le solaire photovolta\u00efque qui enregistrera la hausse la plus notable dans les ann\u00e9es \u00e0 venir. Dans certains pays, ses <em>co\u00fbts de production<\/em> sont d\u00e9j\u00e0 parmi \u00ab\u00a0les plus bas de l\u2019histoire\u00a0\u00bb, souligne l\u2019AIE. Ainsi, d\u2019ici 2025, le solaire photovolta\u00efque pourrait \u00e0 lui seul repr\u00e9senter 60 % de toutes les installations pouvant produire de l\u2019\u00e9lectricit\u00e9 \u00e0 partir d\u2019<strong>\u00e9nergies renouvelables <\/strong>\u00e0 travers le Globe.<\/p>\n\n\n<div class=\"wp-block-image\">\n<figure class=\"aligncenter size-large\"><img decoding=\"async\" src=\"https:\/\/www.laminifabrique.fr\/domuneo\/wp-content\/uploads\/2020\/12\/light-bulb-503881_1920-1_opt.jpg\" alt=\"Electricite, les energies renouvelables et le photovoltaique pour l autoconsommation\" class=\"wp-image-1698\"\/><figcaption class=\"wp-element-caption\"> <br> Devenez autonome en \u00e9lectricit\u00e9 \u00a9  Comfreak de Pixabay <\/figcaption><\/figure>\n<\/div>\n\n\n<h3 class=\"wp-block-heading\">Production\nd\u2019\u00e9lectricit\u00e9 pour les particuliers : avez-vous pens\u00e9 \u00e0\nl\u2019autoconsommation&nbsp;?<\/h3>\n\n\n\n<p class=\"wp-block-paragraph\">Avec la croissance des \u00e9nergies vertes dans le monde, l\u2019autoconsommation devient encore plus s\u00e9duisante aux yeux des consommateurs. Elle permettra non seulement de produire l\u2019\u00e9lectricit\u00e9 qui sera stock\u00e9e dans notre batterie virtuelle, optimis\u00e9e grace au DSI, \u00a0ou de de revendre le surplus \u00e0 <span style=\"text-decoration: underline;\">EDF<\/span>. Pour en finir avec les factures \u00e9nerg\u00e9tiques plus sales d\u2019ann\u00e9e en ann\u00e9e ! Chez Domuneo, nous vous permettons de basculer de la consommation \u00e0 l\u2019autoconsommation avec un syst\u00e8me \u00e9nerg\u00e9tique optimis\u00e9. Avec le Domuneo Mylight Inside, vous pourrez programmer vos appareils \u00e9lectriques pour votre confort et planifier le fonctionnement des <em>appareils \u00e9lectrom\u00e9nagers<\/em> les plus \u00e9nergivores aux moments les plus ensoleill\u00e9s.<\/p>\n\n\n\n<h3 class=\"wp-block-heading\">Demandez une\n\u00e9tude de faisabilit\u00e9 d\u00e8s maintenant&nbsp;!<\/h3>\n\n\n\n<p class=\"wp-block-paragraph\">Pour savoir si vous pouvez basculer vers un syst\u00e8me d\u2019autoconsommation en \u00e9nergie et ainsi consommer votre propre \u00e9lectricit\u00e9, d\u00e9terminez votre profil de consommation en prenant rendez-vous avec l\u2019un de nos conseillers \u00e9nergies. Il d\u00e9terminera non seulement la taille id\u00e9ale pour votre central de stockage virtuelle,le Digital Stockage Inside (DSI), mais aussi votre \u00e9ligibilit\u00e9 aux diff\u00e9rentes aides disponibles. Rendez-vous donc sur notre site et remplissez le formulaire en ligne. Un conseiller vous contactera sous 48 heures.<\/p>\n\n\n\n<p class=\"wp-block-paragraph\">Domuneo apporte son expertise depuis plus de 10 ans dans l\u2019autoconsommation photovolta\u00efque. Nous avons toutes les qualifications pour mener \u00e0 bien votre projet de transition \u00e9nerg\u00e9tique.<\/p>\n","protected":false},"excerpt":{"rendered":"<p>Produisez votre electricite a travers les energies renouvelables comme le photovoltaique. L autoconsommation d energie est une solution pour reduire sa facture.<\/p>\n","protected":false},"author":1,"featured_media":0,"comment_status":"closed","ping_status":"closed","sticky":false,"template":"","format":"standard","meta":{"_acf_changed":false,"footnotes":""},"categories":[23],"tags":[],"class_list":["post-1719","post","type-post","status-publish","format-standard","hentry","category-blog"],"acf":[],"_links":{"self":[{"href":"https:\/\/www.laminifabrique.fr\/domuneo\/wp-json\/wp\/v2\/posts\/1719","targetHints":{"allow":["GET"]}}],"collection":[{"href":"https:\/\/www.laminifabrique.fr\/domuneo\/wp-json\/wp\/v2\/posts"}],"about":[{"href":"https:\/\/www.laminifabrique.fr\/domuneo\/wp-json\/wp\/v2\/types\/post"}],"author":[{"embeddable":true,"href":"https:\/\/www.laminifabrique.fr\/domuneo\/wp-json\/wp\/v2\/users\/1"}],"replies":[{"embeddable":true,"href":"https:\/\/www.laminifabrique.fr\/domuneo\/wp-json\/wp\/v2\/comments?post=1719"}],"version-history":[{"count":2,"href":"https:\/\/www.laminifabrique.fr\/domuneo\/wp-json\/wp\/v2\/posts\/1719\/revisions"}],"predecessor-version":[{"id":3911,"href":"https:\/\/www.laminifabrique.fr\/domuneo\/wp-json\/wp\/v2\/posts\/1719\/revisions\/3911"}],"wp:attachment":[{"href":"https:\/\/www.laminifabrique.fr\/domuneo\/wp-json\/wp\/v2\/media?parent=1719"}],"wp:term":[{"taxonomy":"category","embeddable":true,"href":"https:\/\/www.laminifabrique.fr\/domuneo\/wp-json\/wp\/v2\/categories?post=1719"},{"taxonomy":"post_tag","embeddable":true,"href":"https:\/\/www.laminifabrique.fr\/domuneo\/wp-json\/wp\/v2\/tags?post=1719"}],"curies":[{"name":"wp","href":"https:\/\/api.w.org\/{rel}","templated":true}]}}