
{"id":5331,"date":"2024-06-05T15:50:13","date_gmt":"2024-06-05T13:50:13","guid":{"rendered":"https:\/\/www.laminifabrique.fr\/domuneo\/?p=5331"},"modified":"2025-02-20T10:49:54","modified_gmt":"2025-02-20T09:49:54","slug":"notre-histoire","status":"publish","type":"post","link":"https:\/\/www.laminifabrique.fr\/domuneo\/professionnels-qui-sommes-nous\/notre-histoire\/","title":{"rendered":"Notre histoire"},"content":{"rendered":"\n<hr class=\"wp-block-separator has-alpha-channel-opacity small-orange\"\/>\n\n\n\n<h1 class=\"wp-block-heading\" id=\"titre\">Domuneo, cr\u00e9ateur visionnaire de ressources dans les \u00e9nergies renouvelables<\/h1>\n\n\n\n<h2 class=\"wp-block-heading\">Innover en continu pour l\u2019ind\u00e9pendance \u00e9nerg\u00e9tique et l\u2019autoconsommation \u00e9lectrique<\/h2>\n\n\n\n<p class=\"wp-block-paragraph\">Notre entreprise Domuneo*, reconnue garant de l\u2019environnement (RGE) et certifie\u0301e QualiPV pour vos projets <strong>d\u2019autoconsommation e\u0301lectrique ou de revente totale (EDF OA)<\/strong>, conc\u0327oit et installe des solutions haut de gamme tre\u0300s innovantes, pour capter et utiliser l\u2019e\u0301nergie solaire. Avec un objectif, vous donner acce\u0300s au meilleur du marche\u0301 avec les plus fortes garanties qui soient (25 ans et plus), qui vous permettra de re\u0301aliser <strong>des e\u0301conomies concre\u0300tes, de mai\u0302triser votre facture e\u0301nerge\u0301tique, ou de produire une e\u0301nergie verte tre\u0300s rentable.<\/strong><\/p>\n\n\n\n<p class=\"wp-block-paragraph\">Au fil des ans, convaincus par les atouts fantastiques du photovolta\u00efque, nous avons choisi de concentrer toute notre attention et notre cr\u00e9ativit\u00e9 afin que notre <strong>concept novateur<\/strong> et en constante \u00e9volution, permettent \u00e0 nos clients (particuliers et <a href=\"https:\/\/www.laminifabrique.fr\/domuneo\/professionnels-nos-solutions\/nos-offres-et-prestations\/\" data-type=\"post\" data-id=\"3979\">professionnels<\/a>) de tendre au maximum vers des \u00e9conomies d\u2019\u00e9nergie et une autoconsommation \u00e9lectrique.<\/p>\n\n\n\n<hr class=\"wp-block-separator has-alpha-channel-opacity small-orange\"\/>\n\n\n\n<h2 class=\"wp-block-heading\" id=\"savoir-faire\">Nos savoir-faire, une r\u00e9ponse aux 3 enjeux de l\u2019\u00e9nergie solaire<\/h2>\n\n\n\n<figure class=\"wp-block-image size-full\"><img loading=\"lazy\" decoding=\"async\" width=\"1000\" height=\"465\" src=\"https:\/\/www.laminifabrique.fr\/domuneo\/wp-content\/uploads\/2023\/12\/a-propos-3.jpg\" alt=\"\" class=\"wp-image-197\" srcset=\"https:\/\/www.laminifabrique.fr\/domuneo\/wp-content\/uploads\/2023\/12\/a-propos-3.jpg 1000w, https:\/\/www.laminifabrique.fr\/domuneo\/wp-content\/uploads\/2023\/12\/a-propos-3-300x140.jpg 300w, https:\/\/www.laminifabrique.fr\/domuneo\/wp-content\/uploads\/2023\/12\/a-propos-3-768x357.jpg 768w\" sizes=\"auto, (max-width: 1000px) 100vw, 1000px\" \/><\/figure>\n\n\n\n<div style=\"height:30px\" aria-hidden=\"true\" class=\"wp-block-spacer\"><\/div>\n\n\n\n<p class=\"center-number wp-block-paragraph\">1<\/p>\n\n\n\n<h3 class=\"wp-block-heading\">Produire et consommer, pour une ind\u00e9pendance \u00e9nerg\u00e9tique<\/h3>\n\n\n\n<p class=\"wp-block-paragraph\"><strong>Produisez et consommez votre propre \u00e9lectricit\u00e9<\/strong> ! Pour tendre vers une ind\u00e9pendance \u00e9nerg\u00e9tique vis-\u00e0-vis de votre fournisseur traditionnel, optez pour notre concept de panneaux solaires Domuneo. Notre syst\u00e8me \u00e0 \u00e9nergie renouvelable performant et rentable, vous permet l\u2019autoconsommation <strong>\u00e9lectrique<\/strong> chez vous\u2009!&nbsp;<\/p>\n\n\n\n<p class=\"center-number wp-block-paragraph\">2<\/p>\n\n\n\n<h3 class=\"wp-block-heading\">Prendre la main sur ses d\u00e9penses \u00e9nerg\u00e9tiques<\/h3>\n\n\n\n<p class=\"wp-block-paragraph\"><strong>Optimisez votre syst\u00e8me de panneaux solaires photovolta\u00efque<\/strong> ! Domuneo vous propose de ma\u00eetriser vos d\u00e9penses \u00e9nerg\u00e9tiques de fa\u00e7on intuitive et astucieuse, gr\u00e2ce \u00e0 l\u2019unit\u00e9 de gestion intelligente (DMI). Gr\u00e2ce \u00e0 elle, vous contr\u00f4lez \u00e0 distance le lancement, ou l\u2019arr\u00eat des appareils \u00e9lectriques, durant les p\u00e9riodes de forte production.<\/p>\n\n\n\n<p class=\"center-number wp-block-paragraph\">3<\/p>\n\n\n\n<h3 class=\"wp-block-heading\">Stocker et consommer son surplus d\u2019\u00e9nergie \u00e9lectrique<\/h3>\n\n\n\n<p class=\"wp-block-paragraph\"><strong>Stockez le surplus de courant \u00e9lectrique produit par votre installation solaire photovolta\u00efque<\/strong> !&nbsp; Gr\u00e2ce \u00e0 notre batterie virtuelle de stockage (le DSI), vous allez pouvoir stocker le surplus de votre production \u00e9lectrique jusqu&rsquo;\u00e0 10 mWh, puis la consommer \u00e0 votre guise. Vous pouvez autoconsommer jusqu\u2019\u00e0 100% de l\u2019\u00e9lectricit\u00e9 verte ainsi produite* (*en fonction du dimensionnement de l\u2019installation et de la batterie virtuelle).<\/p>\n\n\n\n<p class=\"call-to-action-blue wp-block-paragraph\"><a href=\"https:\/\/www.laminifabrique.fr\/domuneo\/professionnels-demander-une-etude\/demander-une-etude\/\" data-type=\"post\" data-id=\"5346\">Vous souhaitez devenir autoconsommateur solaire photovolta\u00efque ?<br>Nos specialistes de l&rsquo;energie verte electrique vous accompagnent dans votre projet<\/a><\/p>\n\n\n\n<figure class=\"wp-block-image size-full\"><img loading=\"lazy\" decoding=\"async\" width=\"1000\" height=\"654\" src=\"https:\/\/www.laminifabrique.fr\/domuneo\/wp-content\/uploads\/2023\/12\/a-propos-4.jpg\" alt=\"a-propos\" class=\"wp-image-198\" srcset=\"https:\/\/www.laminifabrique.fr\/domuneo\/wp-content\/uploads\/2023\/12\/a-propos-4.jpg 1000w, https:\/\/www.laminifabrique.fr\/domuneo\/wp-content\/uploads\/2023\/12\/a-propos-4-300x196.jpg 300w, https:\/\/www.laminifabrique.fr\/domuneo\/wp-content\/uploads\/2023\/12\/a-propos-4-768x502.jpg 768w\" sizes=\"auto, (max-width: 1000px) 100vw, 1000px\" \/><\/figure>\n\n\n\n<div style=\"height:30px\" aria-hidden=\"true\" class=\"wp-block-spacer\"><\/div>\n\n\n\n<h3 class=\"wp-block-heading\">Nos valeurs, l\u2019\u00e9nergie de notre raison d\u2019\u00eatre<\/h3>\n\n\n\n<h4 class=\"wp-block-heading has-text-align-center\">Innovation, transparence, confiance<\/h4>\n\n\n\n<p class=\"wp-block-paragraph\">Notre entreprise sp\u00e9cialis\u00e9e dans les \u00e9nergies renouvelables via l\u2019installation de centrales solaires innove constamment, et ce, depuis sa cr\u00e9ation. Concevoir des habitats durables pour tout le monde,  permettre <strong>des modes de consommation \u00e9nerg\u00e9tiques plus responsables, plus rentables<\/strong>, plus performants.<br>Nous ne faisons aucune concession sur la qualit\u00e9, et chaque pas en avant nous permet d\u2019avancer vers toujours mieux, sans pour autant impacter les \u00e9volutions du produit d\u00e9j\u00e0 r\u00e9alis\u00e9es et \u00e9prouv\u00e9es.<\/p>\n\n\n\n<p class=\"wp-block-paragraph\">Nous sommes convaincus, pour l\u2019avoir rendue possible et \u00e9prouv\u00e9e, que <strong>l\u2019autoconsommation \u00e9lectrique<\/strong> est la solution pour vous permettre de r\u00e9aliser <strong>des \u00e9conomies cons\u00e9quentes et p\u00e9rennes sur vos factures \u00e9nerg\u00e9tiques<\/strong>, tout en conservant une \u00e9co attention \u00e0 l\u2019environnement. Pour cela nous fa\u00e7onnons, d\u00e9veloppons et distribuons les meilleurs mat\u00e9riaux d\u2019\u00e9nergie solaire photovolta\u00efque, \u00e0 la pointe de la technologie.<br>Nous mettons a\u0300 votre disposition notre inge\u0301nierie pour vous conseiller et vous proposer des solutions justes et adapte\u0301es, afin d\u2019e\u0301tablir un re\u0301el contrat de confiance sur le long terme.<\/p>\n\n\n\n<figure class=\"wp-block-image size-full\"><img loading=\"lazy\" decoding=\"async\" width=\"1000\" height=\"379\" src=\"https:\/\/www.laminifabrique.fr\/domuneo\/wp-content\/uploads\/2023\/12\/a-propos-5.jpg\" alt=\"\" class=\"wp-image-199\" srcset=\"https:\/\/www.laminifabrique.fr\/domuneo\/wp-content\/uploads\/2023\/12\/a-propos-5.jpg 1000w, https:\/\/www.laminifabrique.fr\/domuneo\/wp-content\/uploads\/2023\/12\/a-propos-5-300x114.jpg 300w, https:\/\/www.laminifabrique.fr\/domuneo\/wp-content\/uploads\/2023\/12\/a-propos-5-768x291.jpg 768w\" sizes=\"auto, (max-width: 1000px) 100vw, 1000px\" \/><\/figure>\n\n\n\n<div style=\"height:30px\" aria-hidden=\"true\" class=\"wp-block-spacer\"><\/div>\n\n\n\n<h2 class=\"wp-block-heading h1\">Notre histoire, s\u2019adapter au changement&nbsp;et innover pour cr\u00e9er LE changement<\/h2>\n\n\n\n<h3 class=\"wp-block-heading\">2009, gen\u00e8se d\u2019une entreprise visionnaire<\/h3>\n\n\n\n<p class=\"wp-block-paragraph\">2009 c\u2019est la cr\u00e9ation de GEF Negoces avec deux premi\u00e8res agences implant\u00e9es dans le sud de la France. Naturellement, nous commen\u00e7ons par ce qui se fait \u00e0 cette \u00e9poque dans le photovolta\u00efque, c\u2019est-\u00e0-dire <strong>la pose des panneaux d\u00e9di\u00e9s uniquement \u00e0 la revente d\u2019\u00e9lectricit\u00e9<\/strong>. Une solution avantageuse pour les particuliers.&nbsp;<\/p>\n\n\n\n<p class=\"wp-block-paragraph\">Cette technologie \u00e9prouv\u00e9e depuis longtemps dans l\u2019a\u00e9rospatial, les satellites \u00e9tant \u00e9quip\u00e9s de photovolta\u00efques, se positionne alors comme une solution innovante pour l\u2019habitat particulier.&nbsp;<\/p>\n\n\n\n<p class=\"wp-block-paragraph\">Nous avons imm\u00e9diatement cru en les extraordinaires capacit\u00e9s d\u2019une solution verte qui produit de fa\u00e7on simple et naturelle de l\u2019\u00e9lectricit\u00e9, avec la lumi\u00e8re du soleil. Et qui marche !<\/p>\n\n\n\n<p class=\"wp-block-paragraph\">Avec un peu plus de recul sur le produit, nous comprenons assez rapidement que son potentiel peut \u00eatre utilis\u00e9 diff\u00e9remment et se mettre r\u00e9ellement au service du particulier. Outre une source de rentabilit\u00e9 potentielle gr\u00e2ce \u00e0 la revente, il nous semble judicieux d\u2019offrir \u00e0 nos clients une alternative innovante : la possibilit\u00e9 de <strong>produire de l\u2019\u00e9lectricit\u00e9 verte pour leur propre consommation<\/strong>.&nbsp;<\/p>\n\n\n\n<p class=\"wp-block-paragraph\">Fin 2011, nous cr\u00e9ons la structure technique Domutec et nous commen\u00e7ons \u00e0 nous implanter sur le march\u00e9 de l\u2019autoconsommation et cr\u00e9ons la marque Domuneo.<\/p>\n\n\n\n<div style=\"height:50px\" aria-hidden=\"true\" class=\"wp-block-spacer\"><\/div>\n\n\n\n<h3 class=\"wp-block-heading\">2012, de l\u2019autoconsommation \u00e9lectrique simple, \u00e0 la revente de surplus<\/h3>\n\n\n\n<h4 class=\"wp-block-heading\">Cr\u00e9ation de Domuneo<\/h4>\n\n\n\n<p class=\"wp-block-paragraph\">Nous sommes fin 2011, en moins de 2 ans nous \u00e9voluons \u00e0 grands pas dans <strong>le secteur des panneaux photovolta\u00efques<\/strong>. Plus de recul sur la pose, plus de ma\u00eetrise technologique, nous commen\u00e7ons \u00e0 nous structurer avec nos propres \u00e9quipes techniques. Ce qui nous permet de d\u00e9finir le meilleur mat\u00e9riel pour nos clients et le plus adapt\u00e9 \u00e0 l\u2019autoconsommation vis\u00e9e.&nbsp;<strong>Fin 2011 nous cr\u00e9ons la marque Domuneo<\/strong> (<em>Domus&nbsp;: maison \/ N\u00e9o&nbsp;: nouvelle<\/em>), notre constat est l\u00e0, sans appel&nbsp;: le prix de l\u2019\u00e9lectricit\u00e9 ne cesse d\u2019augmenter, alors que le prix de rachat de l\u2019\u00e9lectricit\u00e9 par EDF quant \u00e0 lui diminue constamment. \u00c9quation non favorable pour nos clients, proposer l\u2019autoconsommation fait sens plus que jamais, en r\u00e9sonance \u00e0 ce d\u00e9s\u00e9quilibre qui s\u2019accentue.<\/p>\n\n\n\n<h4 class=\"wp-block-heading\">L\u2019autoconsommation simple, une solution novatrice et durable<\/h4>\n\n\n\n<p class=\"wp-block-paragraph\">2012, Domuneo est l\u2019une des premi\u00e8res entreprises sp\u00e9cialis\u00e9es dans l\u2019\u00e9nergie verte \u00e0 s\u2019engager dans <strong>l\u2019autoconsommation simple et connect\u00e9e<\/strong>,<strong> <\/strong>permettant d\u2019avoir une vision sur son installation. Nous sommes d\u00e9j\u00e0 dans une d\u00e9marche responsable sans le savoir, tout en offrant une solution qui permet de r\u00e9aliser de r\u00e9elles \u00e9conomies.&nbsp;<\/p>\n\n\n\n<p class=\"wp-block-paragraph\">Outre l\u2019autoconsommation simple, nous poursuivons l\u2019optimisation de nos installations, avec <strong>l\u2019ajout de micro-onduleurs<\/strong>, l\u00e0 o\u00f9 seuls les onduleurs centraux int\u00e9gr\u00e9s aux panneaux solaires sont de mise sur le march\u00e9.&nbsp;R\u00e9sultats ? Ces nouveaux \u00e9quipements g\u00e9n\u00e8rent encore plus de performance. <strong>Les installations d\u2019\u00e9nergie solaire sont de plus en plus durables<\/strong>, les garanties propos\u00e9es plus longues. L\u2019entreprise est en croissance et f\u00e9d\u00e8re d\u00e9sormais de nombreuses agences en France.<\/p>\n\n\n\n<h4 class=\"wp-block-heading\">La revente de surplus, une r\u00e9ponse adapt\u00e9e \u00e0 un contexte en \u00e9volution<\/h4>\n\n\n\n<p class=\"wp-block-paragraph\">Toujours dans une attention \u00e0 nos clients, \u00e0 leurs int\u00e9r\u00eats comme \u00e0 leur confort, et port\u00e9s par la volont\u00e9 constante de fournir des services de qualit\u00e9 dans la dur\u00e9e, des installations haut de gamme, \u00e0partir de<strong> 2012, nous int\u00e9grons la revente de surplus<\/strong>. Et ce, afin que plus aucun kilowattheures ne soit perdu par nos clients.<\/p>\n\n\n\n<figure class=\"wp-block-image size-full\"><img loading=\"lazy\" decoding=\"async\" width=\"1000\" height=\"339\" src=\"https:\/\/www.laminifabrique.fr\/domuneo\/wp-content\/uploads\/2023\/12\/a-propos-6.jpg\" alt=\"\" class=\"wp-image-200\" srcset=\"https:\/\/www.laminifabrique.fr\/domuneo\/wp-content\/uploads\/2023\/12\/a-propos-6.jpg 1000w, https:\/\/www.laminifabrique.fr\/domuneo\/wp-content\/uploads\/2023\/12\/a-propos-6-300x102.jpg 300w, https:\/\/www.laminifabrique.fr\/domuneo\/wp-content\/uploads\/2023\/12\/a-propos-6-768x260.jpg 768w\" sizes=\"auto, (max-width: 1000px) 100vw, 1000px\" \/><\/figure>\n\n\n\n<h3 class=\"wp-block-heading\"><strong>2015 \/ 2021, toujours un pas d\u2019avance&nbsp;!<\/strong><\/h3>\n\n\n\n<p class=\"wp-block-paragraph\">Optimisation de la performance des installations, am\u00e9lioration de la qualit\u00e9 des \u00e9quipements solaires, \u00e9mergence de nouveaux services, <strong>Domuneo l\u2019innovation en marche\u2026<\/strong><\/p>\n\n\n\n<h4 class=\"wp-block-heading\">Domuneo MyLight Inside, une unit\u00e9 de gestion intelligente pour ma\u00eetriser sa consommation \u00e9nerg\u00e9tique<\/h4>\n\n\n\n<p class=\"wp-block-paragraph\">Pourquoi l\u2019ajout en 2015 d\u2019un tel service ? Car si pour nos clients avoir une vision sur leur installation de panneaux photovolta\u00efques c\u2019est bien, pouvoir la prendre la main et la piloter, selon leurs besoins et la production d\u2019\u00e9lectricit\u00e9 solaire g\u00e9n\u00e9r\u00e9e, c\u2019est encore mieux.&nbsp;<\/p>\n\n\n\n<p class=\"wp-block-paragraph\"><strong>Avec <\/strong>le Domuneo MyLight Inside il est d\u00e9sormais possible pour nos clients, de d\u00e9tecter avec plus de pr\u00e9cision quand ils font r\u00e9ellement de l\u2019autoconsommation.&nbsp;<\/p>\n\n\n\n<p class=\"wp-block-paragraph\"><strong>Cette unit\u00e9 de gestion intelligente<\/strong> permet en effet de <strong>piloter \u00e0 distance les installations solaires<\/strong>,<strong> <\/strong>et d\u2019optimiser leur autoconsommation. De 30 et 50% d\u2019autoconsommation sans pilotage, le Domuneo Mylight Inside permet de r\u00e9aliser jusqu\u2019\u00e0 70% d\u2019autoconsommation.<\/p>\n\n\n\n<p class=\"wp-block-paragraph\">De plus, l&rsquo;intelligence artificielle int\u00e9gr\u00e9e, v\u00e9ritable cerveau de l\u2019installation, mod\u00e9lise les habitudes de consommation de nos clients et leur fournit <strong>des \u00e9co conseils<\/strong> en r\u00e9sonance.&nbsp;<\/p>\n\n\n\n<p class=\"wp-block-paragraph\">\u00ab&nbsp;<em>Sans ma\u00eetrise la puissance n\u2019est rien<\/em>&nbsp;\u00bb, alors fournir un produit de qualit\u00e9, innovant facilement ma\u00eetris\u00e9 \u00e0 distance, <strong>est une r\u00e9elle avanc\u00e9e tant environnementale qu\u2019\u00e9conomique. <\/strong>Cette solution permet d\u00e9sormais \u00e0 nos clients d\u2019acc\u00e9der \u00e0 un maximum d\u2019autonomie en \u00e9lectricit\u00e9 et de r\u00e9aliser des \u00e9conomies significatives, dans un contexte o\u00f9 le prix de l\u2019\u00e9lectricit\u00e9 continue \u00e0 monter.&nbsp;<\/p>\n\n\n\n<p class=\"wp-block-paragraph\">Domuneo accompagne une fois de plus ses clients, dans leur processus d\u2019autoconsommation.<\/p>\n\n\n\n<h4 class=\"wp-block-heading\">Domuneo Stockage Inside DSI, la batterie virtuelle<\/h4>\n\n\n\n<p class=\"wp-block-paragraph\">Voici d\u00e9j\u00e0 plusieurs ann\u00e9es que nous nous int\u00e9ressons au march\u00e9 de la batterie physique. Pour nous, quand il est question d\u2019autoconsommation, r\u00e9injecter l\u2019\u00e9lectricit\u00e9 verte produite<strong> <\/strong>en allant la chercher sur des batteries plut\u00f4t que sur le r\u00e9seau, nous semble une alternative \u00e0 fort potentiel. Mais les batteries physiques pr\u00e9sentent des limites. Dur\u00e9e de vie r\u00e9duite, impact sur l\u2019environnement lors du recyclage, espace de stockage. De plus, le co\u00fbt de l\u2019installation est disproportionn\u00e9 au regard du b\u00e9n\u00e9fice r\u00e9el. Avec les batteries physiques nous sommes donc confront\u00e9s \u00e0 un r\u00e9el probl\u00e8me \u00e9conomique, de performance, de durabilit\u00e9 et \u00e9cologique.&nbsp;<\/p>\n\n\n\n<p class=\"wp-block-paragraph\">Alors que nous nous interrogeons de plus en plus sur la question de <strong>la r\u00e9injection de cette \u00e9nergie verte,<\/strong> une question centrale demeure, comment faire&nbsp;?&nbsp;<br>Nous r\u00e9fl\u00e9chissons d\u00e8s 2019 \u00e0 <strong>un concept novateur<\/strong> permettant de ne payer que l\u2019abonnement sans taxes additionnelles, qui soit plus \u00e9cologique et performant.&nbsp;<br>Et comme nous souhaitons une parfaite ma\u00eetrise de notre produit, il nous semble d\u00e9sormais indispensable de franchir un nouveau pas des plus audacieux dans notre \u00e9volution\u2026&nbsp;<br><strong>Devenir fournisseur d\u2019\u00e9lectricit\u00e9 verte pour installer nos batteries virtuelles&nbsp;!<\/strong><\/p>\n\n\n\n<h4 class=\"wp-block-heading\">Mylight-Energy fournisseur d\u2019\u00e9lectricit\u00e9 verte<\/h4>\n\n\n\n<p class=\"wp-block-paragraph\">2020 cr\u00e9ation d\u2019une structure qui fournit de l\u2019\u00e9lectricit\u00e9 verte afin de permettre \u00e0 nos clients de b\u00e9n\u00e9ficier de notre batterie virtuelle. <strong>D\u00e9but 2021 \u00abFlash&nbsp;\u00bb fournisseur d\u2019\u00e9lectricit\u00e9 verte obtient sa licence<\/strong>, ce qui nous permet de lancer le 12 avril de la m\u00eame ann\u00e9e notre toute premi\u00e8re batterie virtuelle. Notre offre est d\u00e9sormais compl\u00e8te et permet de r\u00e9aliser jusqu\u2019\u00e0 100% d\u2019autoconsommation* (* selon dimensionnement de l\u2019installation et de la batterie virtuelle). En 2024, \u00ab\u00a0Flash\u00a0\u00bb deviendra \u00ab\u00a0MyLightEnergy\u00a0\u00bb<\/p>\n\n\n\n<figure class=\"wp-block-image size-full\"><img loading=\"lazy\" decoding=\"async\" width=\"1000\" height=\"600\" src=\"https:\/\/www.laminifabrique.fr\/domuneo\/wp-content\/uploads\/2023\/12\/a-propos-7.jpg\" alt=\"\" class=\"wp-image-201\" srcset=\"https:\/\/www.laminifabrique.fr\/domuneo\/wp-content\/uploads\/2023\/12\/a-propos-7.jpg 1000w, https:\/\/www.laminifabrique.fr\/domuneo\/wp-content\/uploads\/2023\/12\/a-propos-7-300x180.jpg 300w, https:\/\/www.laminifabrique.fr\/domuneo\/wp-content\/uploads\/2023\/12\/a-propos-7-768x461.jpg 768w\" sizes=\"auto, (max-width: 1000px) 100vw, 1000px\" \/><\/figure>\n\n\n\n<p class=\"wp-block-paragraph\" style=\"max-width: 600px; margin-left: auto;     margin-right: auto;     margin-top: 30px;     margin-bottom: 30px;     text-align: center;\">Avec la cr\u00e9ation de notre batterie virtuelle \u00ab&nbsp;Le Domuneo Stockage Inside DSI&nbsp;\u00bb nous avons boucl\u00e9 la boucle, dans une \u00e9quation maintenant compl\u00e8te :&nbsp;<\/p>\n\n\n\n<div style=\"height:50px\" aria-hidden=\"true\" class=\"wp-block-spacer\"><\/div>\n\n\n\n<figure class=\"wp-block-image size-full\" style=\"max-width: 600px; display: block; margin-left: auto; margin-right: auto;\"><img loading=\"lazy\" decoding=\"async\" width=\"764\" height=\"600\" src=\"https:\/\/www.laminifabrique.fr\/domuneo\/wp-content\/uploads\/2023\/12\/a-propos-8.png\" alt=\"\" class=\"wp-image-5036\" style=\"object-fit:cover\" srcset=\"https:\/\/www.laminifabrique.fr\/domuneo\/wp-content\/uploads\/2023\/12\/a-propos-8.png 764w, https:\/\/www.laminifabrique.fr\/domuneo\/wp-content\/uploads\/2023\/12\/a-propos-8-300x236.png 300w\" sizes=\"auto, (max-width: 764px) 100vw, 764px\" \/><\/figure>\n\n\n\n<div style=\"height:50px\" aria-hidden=\"true\" class=\"wp-block-spacer\"><\/div>\n\n\n\n<p class=\"wp-block-paragraph\">Nous restons toutefois dans une <strong>dynamique constante d\u2019innovation<\/strong>, afin de continuer \u00e0 faire \u00e9voluer nos installations de syst\u00e8mes solaires photovolta\u00efques, pour les rendre encore plus performantes. Optimiser le moyen de production avec un minimum de place est une des pistes parmi bien d\u2019autres. Une solution qui permettrait demain \u00e0 nos clients ne disposant qu\u2019une petite surface de toit, de tendre \u00e9galement vers <strong>l\u2019autonomie \u00e9nerg\u00e9tique via l\u2019\u00e9lectricit\u00e9 verte<\/strong>.&nbsp;<\/p>\n\n\n\n<h3 class=\"wp-block-heading\">Et demain&nbsp;? Domuneo l\u2019innovation en marche, encore et toujours<\/h3>\n\n\n\n<p class=\"wp-block-paragraph\">Chaque ann\u00e9e est marqu\u00e9e par une nouvelle am\u00e9lioration technologique, car pour nous l\u2019innovation est en marche, ou elle n\u2019est pas&nbsp;!<\/p>\n\n\n\n<p class=\"wp-block-paragraph\">Ainsi en<strong> 2022 nous lan\u00e7ons<\/strong> <strong>l\u2019h\u00e9t\u00e9rojonction bi-verre bifaciale<\/strong>, une solution in\u00e9dite<strong> <\/strong>qui lie<strong> <\/strong>les avantages de deux technologies&nbsp;: le monocristallin et l\u2019amorphe.&nbsp;<\/p>\n\n\n\n<p class=\"wp-block-paragraph\">R\u00e9sultat&nbsp;? La production est optimis\u00e9e, tout en conservant les garanties et la qualit\u00e9 du panneau photovolta\u00efque.<\/p>\n\n\n\n<p class=\"wp-block-paragraph\">Voici d\u00e9j\u00e0 quelques ann\u00e9es que nous r\u00e9alisons des installations solaires pour les professionnels. En r\u00e9sonance avec une demande croissante, nous avons d\u00e9cid\u00e9 de structurer un service d\u00e9di\u00e9 aux centrales PV de fortes puissances.&nbsp;<br><strong>D\u00e9but de l\u2019ann\u00e9e 2023 : notre structure technique Domutec obtient la QualiPV 500.<br>Cette m\u00eame ann\u00e9e, nous int\u00e9grons le bureau d&rsquo;\u00e9tudes MSMA, nous permettant de proposer une offre strictement tourn\u00e9e vers les professionnels (secteurs&nbsp;: tertiaire, industriel, agricole, public) qui prend en compte leurs enjeux et leurs probl\u00e9matiques sp\u00e9cifiques et leur apportent des solutions \u00e9cologiques cibl\u00e9es, fiables, durables \u2026 et rentables !&nbsp;<\/strong><\/p>\n\n\n\n<p class=\"wp-block-paragraph\">Depuis sa cr\u00e9ation, notre entreprise Domuneo est dans <strong>une dynamique constante d\u2019innovation<\/strong>, pour continuer \u00e0 proposer \u00e0 ses clients les meilleures solutions du march\u00e9.<\/p>\n\n\n\n<p class=\"notes wp-block-paragraph\">* Domuneo au travers de sa structure Domutec s&rsquo;est dot\u00e9e des qualifications RGE\/QUALIPV garantissant une pose des panneaux solaires ma\u00eetris\u00e9e&nbsp;et labellis\u00e9e.<\/p>\n\n\n\n<div style=\"height:50px\" aria-hidden=\"true\" class=\"wp-block-spacer\"><\/div>\n\n\n\n<div class=\"wp-block-group contact-message-socials\"><div class=\"wp-block-group__inner-container is-layout-constrained wp-block-group-is-layout-constrained\">\n<div class=\"wp-block-columns contact is-layout-flex wp-container-core-columns-is-layout-8f761849 wp-block-columns-is-layout-flex\">\n<div class=\"wp-block-column domuneo is-layout-flow wp-block-column-is-layout-flow\" style=\"flex-basis:30%\">\n<div class=\"wp-block-group is-vertical is-content-justification-center is-layout-flex wp-container-core-group-is-layout-524f8de7 wp-block-group-is-layout-flex\">\n<i class=\"las la-clock\"><\/i>\n\n\n\n<p class=\"has-text-align-center wp-block-paragraph\">Domuneo, entreprise RGE<br>du lundi au vendredi<br>de 9h00 \u00e0 19h00<\/p>\n<\/div>\n<\/div>\n\n\n\n<div class=\"wp-block-column telephone is-layout-flow wp-block-column-is-layout-flow\" style=\"flex-basis:30%\">\n<div class=\"wp-block-group is-vertical is-content-justification-center is-layout-flex wp-container-core-group-is-layout-524f8de7 wp-block-group-is-layout-flex\">\n<i class=\"las la-phone\"><\/i>\n\n\n\n<p class=\"has-text-align-center wp-block-paragraph\">T\u00e9l\u00e9phone<br>04 67 20 48 95<\/p>\n<\/div>\n<\/div>\n\n\n\n<div class=\"wp-block-column siege-social is-layout-flow wp-block-column-is-layout-flow\" style=\"flex-basis:30%\">\n<div class=\"wp-block-group is-vertical is-content-justification-center is-layout-flex wp-container-core-group-is-layout-524f8de7 wp-block-group-is-layout-flex\">\n<i class=\"las la-city\"><\/i>\n\n\n\n<p class=\"has-text-align-center wp-block-paragraph\">Si\u00e8ge social GEF NEGOCES<br>10 Parc Club du Mill\u00e9naire<br>1025 Avenue Henri Becquerel<br>34 000 MONTPELLIER<\/p>\n<\/div>\n<\/div>\n<\/div>\n\n\n\n<p class=\"has-text-align-center message wp-block-paragraph\">Vous voulez en savoir plus sur les garanties Domuneo d\u00e9couvrir nos derni\u00e8res innovations et notre actualit\u00e9? <br>Suivez-nous sur nos r\u00e9seaux (Linkedin, Facebook)<\/p>\n\n\n\n<div class=\"wp-block-columns is-not-stacked-on-mobile socials is-layout-flex wp-container-core-columns-is-layout-8f761849 wp-block-columns-is-layout-flex\">\n<div class=\"wp-block-column is-layout-flow wp-block-column-is-layout-flow\" style=\"flex-basis:50%\"><div class=\"wp-block-image\">\n<figure class=\"aligncenter size-full\"><a href=\"https:\/\/www.facebook.com\/Groupe.Domuneo\/?locale=fr_FR\" target=\"_blank\" rel=\"noreferrer noopener\"><img loading=\"lazy\" decoding=\"async\" width=\"62\" height=\"62\" src=\"https:\/\/www.laminifabrique.fr\/domuneo\/wp-content\/uploads\/2024\/01\/facebbok.png\" alt=\"\" class=\"wp-image-317\"\/><\/a><\/figure>\n<\/div><\/div>\n\n\n\n<div class=\"wp-block-column is-layout-flow wp-block-column-is-layout-flow\" style=\"flex-basis:50%\"><div class=\"wp-block-image\">\n<figure class=\"aligncenter size-full\"><a href=\"https:\/\/www.linkedin.com\/company\/domuneo\/?originalSubdomain=fr\" target=\"_blank\" rel=\"noreferrer noopener\"><img loading=\"lazy\" decoding=\"async\" width=\"62\" height=\"62\" src=\"https:\/\/www.laminifabrique.fr\/domuneo\/wp-content\/uploads\/2024\/01\/linkedin.png\" alt=\"\" class=\"wp-image-319\"\/><\/a><\/figure>\n<\/div><\/div>\n<\/div>\n<\/div><\/div>\n\n\n\n<p class=\"wp-block-paragraph\"><\/p>\n","protected":false},"excerpt":{"rendered":"<p>Domuneo, cr\u00e9ateur visionnaire de ressources dans les \u00e9nergies renouvelables Innover en continu pour l\u2019ind\u00e9pendance \u00e9nerg\u00e9tique et l\u2019autoconsommation \u00e9lectrique Notre entreprise Domuneo*, reconnue garant de l\u2019environnement (RGE) et certifie\u0301e QualiPV pour vos projets d\u2019autoconsommation e\u0301lectrique ou de revente totale (EDF OA), conc\u0327oit et installe des solutions haut de gamme tre\u0300s innovantes, pour capter et utiliser l\u2019e\u0301nergie [&hellip;]<\/p>\n","protected":false},"author":1,"featured_media":0,"comment_status":"closed","ping_status":"closed","sticky":false,"template":"","format":"standard","meta":{"_acf_changed":false,"footnotes":""},"categories":[11],"tags":[],"class_list":["post-5331","post","type-post","status-publish","format-standard","hentry","category-professionnels-qui-sommes-nous"],"acf":[],"_links":{"self":[{"href":"https:\/\/www.laminifabrique.fr\/domuneo\/wp-json\/wp\/v2\/posts\/5331","targetHints":{"allow":["GET"]}}],"collection":[{"href":"https:\/\/www.laminifabrique.fr\/domuneo\/wp-json\/wp\/v2\/posts"}],"about":[{"href":"https:\/\/www.laminifabrique.fr\/domuneo\/wp-json\/wp\/v2\/types\/post"}],"author":[{"embeddable":true,"href":"https:\/\/www.laminifabrique.fr\/domuneo\/wp-json\/wp\/v2\/users\/1"}],"replies":[{"embeddable":true,"href":"https:\/\/www.laminifabrique.fr\/domuneo\/wp-json\/wp\/v2\/comments?post=5331"}],"version-history":[{"count":30,"href":"https:\/\/www.laminifabrique.fr\/domuneo\/wp-json\/wp\/v2\/posts\/5331\/revisions"}],"predecessor-version":[{"id":8039,"href":"https:\/\/www.laminifabrique.fr\/domuneo\/wp-json\/wp\/v2\/posts\/5331\/revisions\/8039"}],"wp:attachment":[{"href":"https:\/\/www.laminifabrique.fr\/domuneo\/wp-json\/wp\/v2\/media?parent=5331"}],"wp:term":[{"taxonomy":"category","embeddable":true,"href":"https:\/\/www.laminifabrique.fr\/domuneo\/wp-json\/wp\/v2\/categories?post=5331"},{"taxonomy":"post_tag","embeddable":true,"href":"https:\/\/www.laminifabrique.fr\/domuneo\/wp-json\/wp\/v2\/tags?post=5331"}],"curies":[{"name":"wp","href":"https:\/\/api.w.org\/{rel}","templated":true}]}}